{"id":319249,"date":"2025-08-14T19:12:12","date_gmt":"2025-08-14T19:12:12","guid":{"rendered":"https:\/\/www.europesays.com\/fr\/319249\/"},"modified":"2025-08-14T19:12:12","modified_gmt":"2025-08-14T19:12:12","slug":"vos-questions-nos-reponses-quel-diplome-pour-exercer-le-metier-dorthophoniste-3","status":"publish","type":"post","link":"https:\/\/www.europesays.com\/fr\/319249\/","title":{"rendered":"Vos questions, nos r\u00e9ponses. Quel dipl\u00f4me pour exercer le m\u00e9tier d\u2019orthophoniste ?"},"content":{"rendered":"<p>Pour exercer le m\u00e9tier d\u2019orthophoniste, il faut \u00eatre titulaire du Certificat de Capacit\u00e9 d\u2019Orthophoniste (CCO), qui se pr\u00e9pare en cinq ans dans un centre de formation universitaire en orthophonie (CFUO) rattach\u00e9 \u00e0 une UFR de m\u00e9decine. Il existe 22 CFUO en France.<\/p>\n<p>Le certificat de capacit\u00e9 d\u2019orthophoniste conf\u00e8re le grade de master 2.<\/p>\n<p>  <strong>Conditions d\u2019acc\u00e8s<\/strong><\/p>\n<p>&#8211; \u00catre scolaris\u00e9(e) en terminale et sous r\u00e9serve de r\u00e9ussite au Baccalaur\u00e9at ou,<\/p>\n<p>&#8211; \u00catre d\u00e9j\u00e0 titulaire du Baccalaur\u00e9at ou d\u2019un titre admis en \u00e9quivalence ou,<\/p>\n<p>&#8211; \u00catre titulaire d\u2019un dipl\u00f4me d\u2019acc\u00e8s aux \u00e9tudes universitaires (DAEU).<\/p>\n<p>Les candidats doivent se pr\u00e9inscrire sur la plateforme Parcoursup. Une premi\u00e8re s\u00e9lection est faite sur dossier. Elle est suivie d\u2019une \u00e9preuve orale.<\/p>\n<p>  <strong>Trois CFUO dans le Grand est<\/strong><\/p>\n<p>&#8211; \u00c0 Strasbourg au sein de la Facult\u00e9 de m\u00e9decine, ma\u00efeutique et sciences de la sant\u00e9.<\/p>\n<p>&#8211; \u00c0 Vand\u0153uvre-l\u00e8s-Nancy, au sein de la Facult\u00e9 de m\u00e9decine, ma\u00efeutique et m\u00e9tiers de la sant\u00e9.<\/p>\n<p>&#8211; \u00c0 Besan\u00e7on, au sein de l\u2019Unit\u00e9 de formation et de recherche des sciences de la sant\u00e9 de l\u2019universit\u00e9 de Franche-Comt\u00e9.<\/p>\n<p>Les coordonn\u00e9es des CFUO sont accessibles sur le site de la <a href=\"https:\/\/fno.fr\/\" target=\"_blank\" rel=\"nofollow noopener\">F\u00e9d\u00e9ration nationale des orthophonistes<\/a>.<\/p>\n","protected":false},"excerpt":{"rendered":"Pour exercer le m\u00e9tier d\u2019orthophoniste, il faut \u00eatre titulaire du Certificat de Capacit\u00e9 d\u2019Orthophoniste (CCO), qui se pr\u00e9pare&hellip;\n","protected":false},"author":2,"featured_media":318060,"comment_status":"","ping_status":"","sticky":false,"template":"","format":"standard","meta":{"footnotes":""},"categories":[9635],"tags":[1111,11,1777,674,1011,27,329,775,5362,1702,12,45633,3456,25,71,45632],"class_list":{"0":"post-319249","1":"post","2":"type-post","3":"status-publish","4":"format-standard","5":"has-post-thumbnail","7":"category-nancy","8":"tag-actu","9":"tag-actualites","10":"tag-eu","11":"tag-europe","12":"tag-fr","13":"tag-france","14":"tag-france-monde","15":"tag-grand-est","16":"tag-magazine-sante","17":"tag-nancy","18":"tag-news","19":"tag-nos-reponses","20":"tag-region-lorraine","21":"tag-republique-francaise","22":"tag-sante","23":"tag-vos-questions"},"share_on_mastodon":{"url":"https:\/\/pubeurope.com\/@fr\/115028711448855021","error":""},"_links":{"self":[{"href":"https:\/\/www.europesays.com\/fr\/wp-json\/wp\/v2\/posts\/319249","targetHints":{"allow":["GET"]}}],"collection":[{"href":"https:\/\/www.europesays.com\/fr\/wp-json\/wp\/v2\/posts"}],"about":[{"href":"https:\/\/www.europesays.com\/fr\/wp-json\/wp\/v2\/types\/post"}],"author":[{"embeddable":true,"href":"https:\/\/www.europesays.com\/fr\/wp-json\/wp\/v2\/users\/2"}],"replies":[{"embeddable":true,"href":"https:\/\/www.europesays.com\/fr\/wp-json\/wp\/v2\/comments?post=319249"}],"version-history":[{"count":0,"href":"https:\/\/www.europesays.com\/fr\/wp-json\/wp\/v2\/posts\/319249\/revisions"}],"wp:featuredmedia":[{"embeddable":true,"href":"https:\/\/www.europesays.com\/fr\/wp-json\/wp\/v2\/media\/318060"}],"wp:attachment":[{"href":"https:\/\/www.europesays.com\/fr\/wp-json\/wp\/v2\/media?parent=319249"}],"wp:term":[{"taxonomy":"category","embeddable":true,"href":"https:\/\/www.europesays.com\/fr\/wp-json\/wp\/v2\/categories?post=319249"},{"taxonomy":"post_tag","embeddable":true,"href":"https:\/\/www.europesays.com\/fr\/wp-json\/wp\/v2\/tags?post=319249"}],"curies":[{"name":"wp","href":"https:\/\/api.w.org\/{rel}","templated":true}]}}