{"id":319253,"date":"2025-08-14T19:15:11","date_gmt":"2025-08-14T19:15:11","guid":{"rendered":"https:\/\/www.europesays.com\/fr\/319253\/"},"modified":"2025-08-14T19:15:11","modified_gmt":"2025-08-14T19:15:11","slug":"un-candidat-aux-municipales-de-toulon-interpelle-pour-des-soupcons-descroquerie","status":"publish","type":"post","link":"https:\/\/www.europesays.com\/fr\/319253\/","title":{"rendered":"Un candidat aux municipales de Toulon interpell\u00e9 pour des soup\u00e7ons d&rsquo;escroquerie"},"content":{"rendered":"<p><strong>Le jeune homme de 18 ans est accus\u00e9 d\u2019avoir usurp\u00e9 l\u2019identit\u00e9 de plusieurs personnalit\u00e9s politiques pour mener des man\u0153uvres frauduleuses.<\/strong><\/p>\n<p>Un aspirant maire de Toulon, Eddie Goujit, a \u00e9t\u00e9 plac\u00e9 en garde \u00e0 vue lundi dernier dans le cadre d\u2019une enqu\u00eate pour escroquerie et usurpation d\u2019identit\u00e9. \u00c2g\u00e9 de seulement 18 ans, le candidat d\u00e9clar\u00e9 aux \u00e9lections municipales de 2026 a \u00e9t\u00e9 interpell\u00e9 \u00e0 Bourg-Saint-And\u00e9ol, en Ard\u00e8che, o\u00f9 il exer\u00e7ait une activit\u00e9 saisonni\u00e8re.<\/p>\n<p>Les investigations r\u00e9v\u00e8lent que le jeune homme aurait abus\u00e9 de plusieurs identit\u00e9s emprunt\u00e9es \u00e0 des figures politiques locales, dont celles d\u2019un \u00e9lu r\u00e9gional, d\u2019un collaborateur de la maire de Toulon, ou encore d\u2019un proche d\u2019un ancien \u00e9dile de la ville. Ces subterfuges lui auraient permis d\u2019obtenir des avantages indus aupr\u00e8s de divers interlocuteurs entre 2024 et 2025.<\/p>\n<p>Un mandat de recherche avait \u00e9t\u00e9 \u00e9mis \u00e0 son encontre apr\u00e8s plusieurs plaintes d\u00e9pos\u00e9es pour faux et usage de faux. Malgr\u00e9 ses d\u00e9clarations publiques affirmant sa volont\u00e9 de coop\u00e9rer avec la justice, il n\u2019avait jamais r\u00e9pondu aux convocations des enqu\u00eateurs. L\u2019affaire est d\u00e9sormais suivie par les services financiers de la Direction centrale du territoire.<\/p>\n<p>En f\u00e9vrier dernier, l\u2019int\u00e9ress\u00e9 avait fermement ni\u00e9 les accusations, exigeant des preuves tangibles. Les investigations se poursuivent pour d\u00e9terminer l\u2019\u00e9tendue des faits qui lui sont reproch\u00e9s.<\/p>\n","protected":false},"excerpt":{"rendered":"Le jeune homme de 18 ans est accus\u00e9 d\u2019avoir usurp\u00e9 l\u2019identit\u00e9 de plusieurs personnalit\u00e9s politiques pour mener des&hellip;\n","protected":false},"author":2,"featured_media":319254,"comment_status":"","ping_status":"","sticky":false,"template":"","format":"standard","meta":{"footnotes":""},"categories":[9619],"tags":[1111,11,1777,674,1011,27,12,882,25,2310],"class_list":{"0":"post-319253","1":"post","2":"type-post","3":"status-publish","4":"format-standard","5":"has-post-thumbnail","7":"category-toulon","8":"tag-actu","9":"tag-actualites","10":"tag-eu","11":"tag-europe","12":"tag-fr","13":"tag-france","14":"tag-news","15":"tag-provence-alpes-cote-dazur","16":"tag-republique-francaise","17":"tag-toulon"},"share_on_mastodon":{"url":"https:\/\/pubeurope.com\/@fr\/115028723304841309","error":""},"_links":{"self":[{"href":"https:\/\/www.europesays.com\/fr\/wp-json\/wp\/v2\/posts\/319253","targetHints":{"allow":["GET"]}}],"collection":[{"href":"https:\/\/www.europesays.com\/fr\/wp-json\/wp\/v2\/posts"}],"about":[{"href":"https:\/\/www.europesays.com\/fr\/wp-json\/wp\/v2\/types\/post"}],"author":[{"embeddable":true,"href":"https:\/\/www.europesays.com\/fr\/wp-json\/wp\/v2\/users\/2"}],"replies":[{"embeddable":true,"href":"https:\/\/www.europesays.com\/fr\/wp-json\/wp\/v2\/comments?post=319253"}],"version-history":[{"count":0,"href":"https:\/\/www.europesays.com\/fr\/wp-json\/wp\/v2\/posts\/319253\/revisions"}],"wp:featuredmedia":[{"embeddable":true,"href":"https:\/\/www.europesays.com\/fr\/wp-json\/wp\/v2\/media\/319254"}],"wp:attachment":[{"href":"https:\/\/www.europesays.com\/fr\/wp-json\/wp\/v2\/media?parent=319253"}],"wp:term":[{"taxonomy":"category","embeddable":true,"href":"https:\/\/www.europesays.com\/fr\/wp-json\/wp\/v2\/categories?post=319253"},{"taxonomy":"post_tag","embeddable":true,"href":"https:\/\/www.europesays.com\/fr\/wp-json\/wp\/v2\/tags?post=319253"}],"curies":[{"name":"wp","href":"https:\/\/api.w.org\/{rel}","templated":true}]}}