{"id":319255,"date":"2025-08-14T19:16:14","date_gmt":"2025-08-14T19:16:14","guid":{"rendered":"https:\/\/www.europesays.com\/fr\/319255\/"},"modified":"2025-08-14T19:16:14","modified_gmt":"2025-08-14T19:16:14","slug":"la-8e-edition-du-mama-stock-festival-sannonce-plus-eclatante-que-jamais","status":"publish","type":"post","link":"https:\/\/www.europesays.com\/fr\/319255\/","title":{"rendered":"la 8e \u00e9dition du Mama Stock festival s&rsquo;annonce \u00ab\u00a0plus \u00e9clatante que jamais\u00a0\u00bb"},"content":{"rendered":"<p>            Par<br \/>\n        <strong><br \/>\n            <a href=\"https:\/\/actu.fr\/auteur\/metropoop\" title=\"Consulter tous les articles de R\u00e9daction M\u00e9tropolitain\" rel=\"nofollow noopener\" target=\"_blank\">R\u00e9daction M\u00e9tropolitain<\/a><br \/>\n        <\/strong><\/p>\n<p>        Publi\u00e9 le<\/p>\n<p>            14 ao\u00fbt 2025 \u00e0 20h01        <\/p>\n<p><strong>Le Mama Stock Festival<\/strong> revient au <strong>parc Montcalm<\/strong> \u00e0 <strong>Montpellier<\/strong> pour une 8e \u00e9dition que les organisateurs Mama Sound annoncent \u00ab\u00a0plus \u00e9clatante que jamais\u00a0\u00bb. Rendez-vous <strong>les vendredi 29, samedi 30 et dimanche 31 ao\u00fbt<\/strong>\u00a0<strong>2025,<\/strong> avec <strong>une programmation artistique haute en couleur<\/strong> : concerts et spectacles lives, tables rondes, expositions, village associatif, espace Kidz, food trucks, animations\u2026<\/p>\n<p>Ouverture au monde<\/p>\n<p class=\" wall-content\">Rassemblant plus d\u2019une centaine d\u2019artistes, cr\u00e9ateurs et acteurs locaux, le Mama Stock Festival c\u00e9l\u00e8bre la diversit\u00e9 culturelle et artistique \u00e0 travers une programmation accessible \u00e0 tous les \u00e2ges. Cr\u00e9\u00e9 en 2017 au parc de l\u2019Aiguelongue, l\u2019\u00e9v\u00e9nement rencontrant un public grandissant a d\u00e9m\u00e9nag\u00e9 en 2023 au parc Montcalm. D\u00e9sormais, nich\u00e9 au c\u0153ur d\u2019un espace naturel de 24 hectares, il invite d\u2019autant plus le public \u00e0 explorer un univers festif et participatif, favorisant les \u00e9changes et la d\u00e9couverte.<\/p>\n<p>    <a href=\"https:\/\/www.google.com\/maps\/embed?pb=!1m18!1m12!1m3!1d5222.112481585618!2d3.856508975814835!3d43.59678257110473!2m3!1f0!2f0!3f0!3m2!1i1024!2i768!4f13.1!3m3!1m2!1s0x12b6ae4e14d09c27%3A0x808b0e1f03ef44b9!2sParc%20Montcalm!5e1!3m2!1sfr!2sfr!4v1754564795614!5m2!1sfr!2sfr\" title=\"Ouvrie le lien\" rel=\"nofollow noopener\" target=\"_blank\">Cliquez ici pour visualiser le contenu<\/a><\/p>\n<p class=\" wall-content\">Labellis\u00e9 \u00ab\u00a0Label et la f\u00eate\u00a0\u00bb gr\u00e2ce \u00e0 ses pr\u00e9c\u00e9dentes \u00e9ditions, le festival s\u2019inscrit \u00e9galement dans une d\u00e9marche \u00e9co-responsable et favorisant l\u2019inclusion en sensibilisant ses visiteurs \u00e0 des pratiques respectueuses de l\u2019environnement et en mettant en place eau gratuite, site accessible PMR, stand de pr\u00e9vention (r\u00e9duction des risques,\u2026), signal\u00e9tique claire, et formation de l\u2019\u00e9quipe aux VHSS. Cette ann\u00e9e encore, le festival affirme son ancrage solidaire en renouvelant son partenariat avec SOS M\u00e9diterran\u00e9e et Sea Shepherd. \u00ab\u00a0Un fil rouge traverse notre programmation : celui de l\u2019ouverture au monde, de l\u2019accueil de l\u2019autre, du lien entre culture et humanit\u00e9\u00a0\u00bb soulignent les organisateurs.<\/p>\n<p>Village associatif, Kidz, concerts\u2026<\/p>\n<p class=\" wall-content\">Des organisateurs qui suite \u00e0 la fermeture du service H\u00e9rault Mat\u00e9riel Sc\u00e9nique a d\u00fb compter sur la solidarit\u00e9 des associations Hors2low et Cactus Event pour lui permettre de maintenir leur \u00e9v\u00e9nement. D\u2019autant plus quand le village associatif continue de grandir avec une trentaine d\u2019associations pr\u00e9sentes cette ann\u00e9e tandis que le march\u00e9 artisanal sera compos\u00e9 d\u2019autant d\u2019exposants. Une centaine d\u2019oeuvres constitueront une exposition \u00e9ph\u00e9m\u00e8re avec \u00e9galement les artistes de Kontrebande 2 Culture en live painting collectif. L\u2019espace Kidz s\u2019enrichit avec un programme sp\u00e9cial tout l\u2019apr\u00e8s-midi. De 12h \u00e0 18h, les enfants seront ainsi invit\u00e9s \u00e0 participer \u00e0 de nombreux jeux et ateliers propos\u00e9s par les associations partenaires du festival.<\/p>\n<p>Vid\u00e9os : en ce moment sur Actu<\/p>\n<p class=\" wall-content\">Du c\u00f4t\u00e9 des concerts sur la grande sc\u00e8ne, le public pourra appr\u00e9cier le samedi Full T\u00fckan (quatuor electropical, 18h), Myra (n\u00e9o-soul m\u00e9diterran\u00e9enne, 20h) et Mo Kamality (rythmes carib\u00e9ens et afro-am\u00e9ricains, 22h) et le dimanche Mango Mango (latin groove funk p\u00e9tillant, 18h), Mauvaise Bouche (chanson pop &amp; rnb, 20h), et Ali &amp; Mourad Musset de La Rue Ketanou (chanson fran\u00e7aise, 22h). Sur la petite sc\u00e8ne, Dj Pizzetto, la DJ marseillaise Shazam Bonvoyage et la DJ franco-mexicaine Sabor a Mi apporteront leurs couleurs musicales diff\u00e9rentes quand le Collectif Lanceurs d\u2019Arlettes, qui pr\u00e9sentera \u00ab\u00a0Arlette ton catch!\u00a0\u00bb (samedi \u00e0 16h), et la Coco Fanfare Club (dimanche \u00e0 16h) animeront l\u2019esplanade. Et pour les plus impatient, rendez-vous le vendredi 29 de 18h \u00e0 minuit pour un before anim\u00e9 par Steph Pizzetto &amp; friends. Un \u00e9v\u00e9nement enti\u00e8rement gratuit qui illustre l\u2019engagement de l\u2019association MamaSound pour la coh\u00e9sion sociale et l\u2019acc\u00e8s \u00e0 la culture pour tous.<\/p>\n<p>&gt; Mama Stock Festival, vendredi 29 de 18h \u00e0 minuit, samedi 30 de 10h \u00e0 minuit et dimanche 31 ao\u00fbt de 10h \u00e0 minuit. Parc Montcalm, 11 rue des chasseurs, Montpellier. Entr\u00e9e gratuite. Buvette et restauration sur place (options veg\u00e9tariennes), toilettes s\u00e8ches \u00e0 disposition, les chiens doivent \u00eatre tenus en laisse. Plus de renseignements sur <a href=\"https:\/\/www.mamasound.fr\/\" rel=\"nofollow noopener\" target=\"_blank\">mamasound.fr<\/a> et <a href=\"https:\/\/www.mamastock.fr\/accueil-1\" rel=\"nofollow noopener\" target=\"_blank\">mamastock.fr<\/a>.<\/p>\n<p class=\" wall-content\">Suivez toute l\u2019actualit\u00e9 de vos villes et m\u00e9dias favoris en vous inscrivant \u00e0 <a href=\"https:\/\/moncompte.actu.fr\" title=\"D\u00e9couvez Mon Actu\" rel=\"nofollow noopener\" data-trk=\"{&quot;cta&quot;:{&quot;action&quot;:&quot;https:\\\/\\\/moncompte.actu.fr&quot;,&quot;category&quot;:&quot;mon compte&quot;,&quot;from&quot;:&quot;article footer&quot;,&quot;name&quot;:&quot;Mon actu&quot;,&quot;type&quot;:&quot;cta&quot;}}\" target=\"_blank\">Mon Actu<\/a>.<\/p>\n","protected":false},"excerpt":{"rendered":"Par R\u00e9daction M\u00e9tropolitain Publi\u00e9 le 14 ao\u00fbt 2025 \u00e0 20h01 Le Mama Stock Festival revient au parc Montcalm&hellip;\n","protected":false},"author":2,"featured_media":319256,"comment_status":"","ping_status":"","sticky":false,"template":"","format":"standard","meta":{"footnotes":""},"categories":[9599],"tags":[1111,11,1777,674,849,1011,27,1652,2208,12,2680,25],"class_list":{"0":"post-319255","1":"post","2":"type-post","3":"status-publish","4":"format-standard","5":"has-post-thumbnail","7":"category-montpellier","8":"tag-actu","9":"tag-actualites","10":"tag-eu","11":"tag-europe","12":"tag-festival","13":"tag-fr","14":"tag-france","15":"tag-loisirs-culture","16":"tag-montpellier","17":"tag-news","18":"tag-occitanie","19":"tag-republique-francaise"},"share_on_mastodon":{"url":"https:\/\/pubeurope.com\/@fr\/115028727190568938","error":""},"_links":{"self":[{"href":"https:\/\/www.europesays.com\/fr\/wp-json\/wp\/v2\/posts\/319255","targetHints":{"allow":["GET"]}}],"collection":[{"href":"https:\/\/www.europesays.com\/fr\/wp-json\/wp\/v2\/posts"}],"about":[{"href":"https:\/\/www.europesays.com\/fr\/wp-json\/wp\/v2\/types\/post"}],"author":[{"embeddable":true,"href":"https:\/\/www.europesays.com\/fr\/wp-json\/wp\/v2\/users\/2"}],"replies":[{"embeddable":true,"href":"https:\/\/www.europesays.com\/fr\/wp-json\/wp\/v2\/comments?post=319255"}],"version-history":[{"count":0,"href":"https:\/\/www.europesays.com\/fr\/wp-json\/wp\/v2\/posts\/319255\/revisions"}],"wp:featuredmedia":[{"embeddable":true,"href":"https:\/\/www.europesays.com\/fr\/wp-json\/wp\/v2\/media\/319256"}],"wp:attachment":[{"href":"https:\/\/www.europesays.com\/fr\/wp-json\/wp\/v2\/media?parent=319255"}],"wp:term":[{"taxonomy":"category","embeddable":true,"href":"https:\/\/www.europesays.com\/fr\/wp-json\/wp\/v2\/categories?post=319255"},{"taxonomy":"post_tag","embeddable":true,"href":"https:\/\/www.europesays.com\/fr\/wp-json\/wp\/v2\/tags?post=319255"}],"curies":[{"name":"wp","href":"https:\/\/api.w.org\/{rel}","templated":true}]}}