{"id":319259,"date":"2025-08-14T19:18:13","date_gmt":"2025-08-14T19:18:13","guid":{"rendered":"https:\/\/www.europesays.com\/fr\/319259\/"},"modified":"2025-08-14T19:18:13","modified_gmt":"2025-08-14T19:18:13","slug":"ou-et-quand-voir-un-feu-dartifice-en-seine-maritime-pour-le-15-aout-et-apres","status":"publish","type":"post","link":"https:\/\/www.europesays.com\/fr\/319259\/","title":{"rendered":"O\u00f9 et quand voir un feu d&rsquo;artifice en Seine-Maritime pour le 15 ao\u00fbt (et apr\u00e8s)"},"content":{"rendered":"<p>            Par<br \/>\n        <strong><br \/>\n            <a href=\"https:\/\/actu.fr\/auteur\/julien-bouteiller\" title=\"Consulter tous les articles de Julien Bouteiller\" rel=\"nofollow noopener\" target=\"_blank\">Julien Bouteiller<\/a><br \/>\n        <\/strong><\/p>\n<p>        Publi\u00e9 le<\/p>\n<p>            14 ao\u00fbt 2025 \u00e0 15h54        <\/p>\n<p>Bien souvent, <strong>le jour f\u00e9ri\u00e9 du 15 ao\u00fbt<\/strong> est l\u2019occasion de festivit\u00e9s communales, <a href=\"https:\/\/actu.fr\/normandie\/duclair_76222\/motards-feu-d-artifice-et-star-des-annees-80-une-grosse-fete-arrive-pres-de-rouen_63026983.html\" rel=\"nofollow noopener\" target=\"_blank\">comme \u00e0 Duclair<\/a> par exemple. Et ces festivit\u00e9s s\u2019accompagnent bien souvent <strong>de feux d\u2019artifice<\/strong>. Alors, si vous voulez voir un spectacle pyrotechnique en Seine-Maritime dans les jours qui viennent, <strong>suivez le guide\u2026<\/strong><\/p>\n<p>Les feux d\u2019artifice en Seine-Maritime en ao\u00fbt<\/p>\n<p class=\" wall-content\">\u00c0 noter qu\u2019il s\u2019agit l\u00e0 d\u2019une liste des feux d\u2019artifice d\u00e9clar\u00e9s en pr\u00e9fecture. Si le feu d\u2019artifice de votre commune n\u2019appara\u00eet pas, signalez-le dans le formulaire en fin d\u2019article.\u00a0<\/p>\n<p class=\" wall-content\">Enfin, ces feux seront bien s\u00fbr tir\u00e9s selon les conditions m\u00e9t\u00e9orologiques du moment.<\/p>\n<p class=\" wall-content\"><strong>14 ao\u00fbt<\/strong><\/p>\n<ul class=\" wall-content\">\n<li><strong>Doudeville<\/strong>, au complexe sportif rue de Bad-Nenndorf<\/li>\n<li><strong>Yport<\/strong>, sur le front de mer<\/li>\n<li><strong>Le Tr\u00e9port<\/strong>, feu d\u2019artifice sonoris\u00e9 au pied des falaises<\/li>\n<li><strong>Duclair<\/strong>, au hameau des Monts\u00a0<\/li>\n<\/ul>\n<p class=\" wall-content\"><strong>15 ao\u00fbt<\/strong><\/p>\n<ul class=\" wall-content\">\n<li><strong>Criquetot-l\u2019Esneval<\/strong>, pr\u00e8s de la piscine,<\/li>\n<li><strong>Gaillefontaine<\/strong>, devant la salle polyvalente<\/li>\n<li><strong>Dieppe<\/strong>, depuis la jet\u00e9e<\/li>\n<\/ul>\n<p class=\" wall-content\"><strong>17 ao\u00fbt<\/strong><\/p>\n<ul class=\" wall-content\">\n<li><strong>Campneuseville<\/strong><\/li>\n<li><strong>Bacqueville-en-Caux,<\/strong> \u00e0 l\u2019hippodrome<\/li>\n<\/ul>\n<p class=\" wall-content\"><strong>23 ao\u00fbt<\/strong><\/p>\n<ul class=\" wall-content\">\n<li><strong>Dieppe<\/strong>, sur la jet\u00e9e<\/li>\n<li><strong>Serqueux<\/strong><\/li>\n<\/ul>\n<p class=\" wall-content\"><strong>24 ao\u00fbt<\/strong><\/p>\n<p class=\" wall-content\"><strong>29 ao\u00fbt<\/strong><\/p>\n<p class=\" wall-content\"><strong>30 ao\u00fbt<\/strong><\/p>\n<ul class=\" wall-content\">\n<li><strong>La Chauss\u00e9e<\/strong><\/li>\n<li><strong>Bois-H\u00e9roult<\/strong><\/li>\n<li><strong>Bouville<\/strong><\/li>\n<li><strong>Mont-Cauvaire<\/strong><\/li>\n<li><strong>Montigny<\/strong><\/li>\n<li><strong>Pretot-Viquemare<\/strong><\/li>\n<\/ul>\n<p class=\" wall-content\"><strong>31 ao\u00fbt<\/strong><\/p>\n<ul class=\" wall-content\">\n<li><strong>Sierville<\/strong><\/li>\n<li><strong>Yville-sur-Seine<\/strong><\/li>\n<\/ul>\n<p>Vous souhaitez annoncer un \u00e9v\u00e9nement festif ou associatif, une initiative locale ? Rendez-vous sur notre plateforme <a href=\"https:\/\/www.infolocale.fr\/decouvrir\/actu\/\" rel=\"nofollow noopener\" target=\"_blank\">Infolocale<\/a>.<\/p>\n<p class=\" wall-content\">Suivez toute l\u2019actualit\u00e9 de vos villes et m\u00e9dias favoris en vous inscrivant \u00e0 <a href=\"https:\/\/moncompte.actu.fr\" title=\"D\u00e9couvez Mon Actu\" rel=\"nofollow noopener\" data-trk=\"{&quot;cta&quot;:{&quot;action&quot;:&quot;https:\\\/\\\/moncompte.actu.fr&quot;,&quot;category&quot;:&quot;mon compte&quot;,&quot;from&quot;:&quot;article footer&quot;,&quot;name&quot;:&quot;Mon actu&quot;,&quot;type&quot;:&quot;cta&quot;}}\" target=\"_blank\">Mon Actu<\/a>.<\/p>\n","protected":false},"excerpt":{"rendered":"Par Julien Bouteiller Publi\u00e9 le 14 ao\u00fbt 2025 \u00e0 15h54 Bien souvent, le jour f\u00e9ri\u00e9 du 15 ao\u00fbt&hellip;\n","protected":false},"author":2,"featured_media":319260,"comment_status":"","ping_status":"","sticky":false,"template":"","format":"standard","meta":{"footnotes":""},"categories":[9587],"tags":[1111,11,1777,674,16701,1011,27,1652,12,5161,25,9590],"class_list":{"0":"post-319259","1":"post","2":"type-post","3":"status-publish","4":"format-standard","5":"has-post-thumbnail","7":"category-rouen","8":"tag-actu","9":"tag-actualites","10":"tag-eu","11":"tag-europe","12":"tag-feu-dartifice","13":"tag-fr","14":"tag-france","15":"tag-loisirs-culture","16":"tag-news","17":"tag-normandie","18":"tag-republique-francaise","19":"tag-rouen"},"share_on_mastodon":{"url":"https:\/\/pubeurope.com\/@fr\/115028735030364943","error":""},"_links":{"self":[{"href":"https:\/\/www.europesays.com\/fr\/wp-json\/wp\/v2\/posts\/319259","targetHints":{"allow":["GET"]}}],"collection":[{"href":"https:\/\/www.europesays.com\/fr\/wp-json\/wp\/v2\/posts"}],"about":[{"href":"https:\/\/www.europesays.com\/fr\/wp-json\/wp\/v2\/types\/post"}],"author":[{"embeddable":true,"href":"https:\/\/www.europesays.com\/fr\/wp-json\/wp\/v2\/users\/2"}],"replies":[{"embeddable":true,"href":"https:\/\/www.europesays.com\/fr\/wp-json\/wp\/v2\/comments?post=319259"}],"version-history":[{"count":0,"href":"https:\/\/www.europesays.com\/fr\/wp-json\/wp\/v2\/posts\/319259\/revisions"}],"wp:featuredmedia":[{"embeddable":true,"href":"https:\/\/www.europesays.com\/fr\/wp-json\/wp\/v2\/media\/319260"}],"wp:attachment":[{"href":"https:\/\/www.europesays.com\/fr\/wp-json\/wp\/v2\/media?parent=319259"}],"wp:term":[{"taxonomy":"category","embeddable":true,"href":"https:\/\/www.europesays.com\/fr\/wp-json\/wp\/v2\/categories?post=319259"},{"taxonomy":"post_tag","embeddable":true,"href":"https:\/\/www.europesays.com\/fr\/wp-json\/wp\/v2\/tags?post=319259"}],"curies":[{"name":"wp","href":"https:\/\/api.w.org\/{rel}","templated":true}]}}