{"id":319261,"date":"2025-08-14T19:19:14","date_gmt":"2025-08-14T19:19:14","guid":{"rendered":"https:\/\/www.europesays.com\/fr\/319261\/"},"modified":"2025-08-14T19:19:14","modified_gmt":"2025-08-14T19:19:14","slug":"dijon-fco-fc-rouen","status":"publish","type":"post","link":"https:\/\/www.europesays.com\/fr\/319261\/","title":{"rendered":"Dijon FCO &#8211; FC Rouen &#8230;"},"content":{"rendered":"<p>Ambition assum\u00e9e par Dijon, la mont\u00e9e en ligue 2 !<\/p>\n<p>Les dijonnais disposent d\u2019un effectif renforc\u00e9 par des joueurs d\u2019exp\u00e9rience, le premier match de la saison s\u2019est sold\u00e9 par une victoire 2 -1 \u00e0 Orl\u00e9ans !<\/p>\n<p>Deux fois quatri\u00e8me lors des deux deni\u00e8res saisons en National, le Dijon FCO est un pr\u00e9tendant s\u00e9rieux pour l\u2019accession au grade sup\u00e9rieur.<\/p>\n<p>En face, une \u00e9quipe rouennaise profond\u00e9ment remani\u00e9e.<\/p>\n<p>Apr\u00e8s un premier match  \u00ab\u00a0rodage\u00a0\u00bb face \u00e0 Fleury, il faudra hausser le niveau de jeu pour esp\u00e9rer un r\u00e9sulat satisfaisant.<\/p>\n<p>M.Benzia et C.Abi seront-ils pr\u00e9sents ?<\/p>\n<p>Quant \u00e0 lui, le FC Rouen reste discret sur ses ambitions, belle sagesse !<\/p>\n<p>Le championnat est long et les surprises peuvent \u00eatre belles.<\/p>\n<p>Allez Rouen<\/p>\n","protected":false},"excerpt":{"rendered":"Ambition assum\u00e9e par Dijon, la mont\u00e9e en ligue 2 ! Les dijonnais disposent d\u2019un effectif renforc\u00e9 par des&hellip;\n","protected":false},"author":2,"featured_media":319262,"comment_status":"","ping_status":"","sticky":false,"template":"","format":"standard","meta":{"footnotes":""},"categories":[9587],"tags":[1111,11,1777,674,1011,27,12,5161,25,9590],"class_list":{"0":"post-319261","1":"post","2":"type-post","3":"status-publish","4":"format-standard","5":"has-post-thumbnail","7":"category-rouen","8":"tag-actu","9":"tag-actualites","10":"tag-eu","11":"tag-europe","12":"tag-fr","13":"tag-france","14":"tag-news","15":"tag-normandie","16":"tag-republique-francaise","17":"tag-rouen"},"share_on_mastodon":{"url":"https:\/\/pubeurope.com\/@fr\/115028738910641299","error":""},"_links":{"self":[{"href":"https:\/\/www.europesays.com\/fr\/wp-json\/wp\/v2\/posts\/319261","targetHints":{"allow":["GET"]}}],"collection":[{"href":"https:\/\/www.europesays.com\/fr\/wp-json\/wp\/v2\/posts"}],"about":[{"href":"https:\/\/www.europesays.com\/fr\/wp-json\/wp\/v2\/types\/post"}],"author":[{"embeddable":true,"href":"https:\/\/www.europesays.com\/fr\/wp-json\/wp\/v2\/users\/2"}],"replies":[{"embeddable":true,"href":"https:\/\/www.europesays.com\/fr\/wp-json\/wp\/v2\/comments?post=319261"}],"version-history":[{"count":0,"href":"https:\/\/www.europesays.com\/fr\/wp-json\/wp\/v2\/posts\/319261\/revisions"}],"wp:featuredmedia":[{"embeddable":true,"href":"https:\/\/www.europesays.com\/fr\/wp-json\/wp\/v2\/media\/319262"}],"wp:attachment":[{"href":"https:\/\/www.europesays.com\/fr\/wp-json\/wp\/v2\/media?parent=319261"}],"wp:term":[{"taxonomy":"category","embeddable":true,"href":"https:\/\/www.europesays.com\/fr\/wp-json\/wp\/v2\/categories?post=319261"},{"taxonomy":"post_tag","embeddable":true,"href":"https:\/\/www.europesays.com\/fr\/wp-json\/wp\/v2\/tags?post=319261"}],"curies":[{"name":"wp","href":"https:\/\/api.w.org\/{rel}","templated":true}]}}