{"id":319263,"date":"2025-08-14T19:22:30","date_gmt":"2025-08-14T19:22:30","guid":{"rendered":"https:\/\/www.europesays.com\/fr\/319263\/"},"modified":"2025-08-14T19:22:30","modified_gmt":"2025-08-14T19:22:30","slug":"pres-de-grenoble-menace-par-deux-individus-armes-en-pleine-nuit-il-se-fait-voler-sa-trottinette","status":"publish","type":"post","link":"https:\/\/www.europesays.com\/fr\/319263\/","title":{"rendered":"Pr\u00e8s de Grenoble. Menac\u00e9 par deux individus arm\u00e9s en pleine nuit, il se fait voler sa trottinette"},"content":{"rendered":"<p>            Par<br \/>\n        <strong><br \/>\n            <a href=\"https:\/\/actu.fr\/auteur\/lisa-rodrigues\" title=\"Consulter tous les articles de Lisa Rodrigues\" rel=\"nofollow noopener\" target=\"_blank\">Lisa Rodrigues<\/a><br \/>\n        <\/strong><\/p>\n<p>        Publi\u00e9 le<\/p>\n<p>            14 ao\u00fbt 2025 \u00e0 9h44        <\/p>\n<p>Les <a href=\"https:\/\/actu.fr\/societe\/insecurite-les-chiffres-bondissent-en-2024-a-grenoble-et-en-isere-ce-qu-il-faut-retenir_62204440.html\" rel=\"nofollow noopener\" target=\"_blank\">vols avec armes sont en hausse<\/a> \u00e0 Grenoble, selon les chiffres du minist\u00e8re de l\u2019Int\u00e9rieur. En 2024, le nombre de faits de ce type remont\u00e9s aux forces de l\u2019ordre a augment\u00e9 de 26,5% par rapport \u00e0 l\u2019ann\u00e9e pr\u00e9c\u00e9dente, avec 248 infractions comptabilis\u00e9es dans la capitale des Alpes.<\/p>\n<p class=\" wall-content\">Cette nouvelle m\u00e9saventure d\u2019un trottinettiste \u00e0 <a href=\"https:\/\/actu.fr\/auvergne-rhone-alpes\/saint-martin-d-heres_38421\" rel=\"nofollow noopener\" target=\"_blank\">Saint-Martin-d\u2019H\u00e8res<\/a>, dans la nuit du mercredi 13 au jeudi 14 ao\u00fbt, s\u2019ajoute \u00e0 ce triste palmar\u00e8s.<\/p>\n<p>Les voleurs en fuite<\/p>\n<p class=\" wall-content\">Il \u00e9tait environ 3 heures du matin quand la police nationale est appel\u00e9e pour un vol de trottinette, rue Andr\u00e9-Chenier dans la commune limitrophe de <a href=\"https:\/\/actu.fr\/auvergne-rhone-alpes\/grenoble_38185\" rel=\"nofollow noopener\" target=\"_blank\">Grenoble<\/a>.<\/p>\n<p>    <a href=\"https:\/\/www.google.com\/maps\/embed?pb=!1m18!1m12!1m3!1d1876.877959349669!2d5.747296493435221!3d45.18427132353633!2m3!1f0!2f0!3f0!3m2!1i1024!2i768!4f13.1!3m3!1m2!1s0x478af4fc9042b6b3%3A0xbec56a3394704b86!2sRue%20Andr%C3%A9%20Ch%C3%A9nier%2C%2038400%20Saint-Martin-d%27H%C3%A8res!5e0!3m2!1sfr!2sfr!4v1755155618579!5m2!1sfr!2sfr\" title=\"Ouvrie le lien\" rel=\"nofollow noopener\" target=\"_blank\">Cliquez ici pour visualiser le contenu<\/a><\/p>\n<p class=\" wall-content\">La victime, majeure et non bless\u00e9e, a \u00e9t\u00e9 forc\u00e9e de donner sa trottinette \u00e0 deux individus qui la <strong>mena\u00e7aient avec une arme de poing<\/strong>, apr\u00e8s \u00eatre arriv\u00e9s \u00e0 sa hauteur sur une petite moto \u00e9lectrique. Cagoul\u00e9s, les deux voleurs n\u2019ont pas pu \u00eatre identifi\u00e9s.<\/p>\n<p class=\" wall-content\">Malgr\u00e9 des recherches sur le secteur, ils n\u2019ont pas \u00e9t\u00e9 retrouv\u00e9s.<\/p>\n<p class=\" wall-content\">Suivez toute l\u2019actualit\u00e9 de vos villes et m\u00e9dias favoris en vous inscrivant \u00e0 <a href=\"https:\/\/moncompte.actu.fr\" title=\"D\u00e9couvez Mon Actu\" rel=\"nofollow noopener\" data-trk=\"{&quot;cta&quot;:{&quot;action&quot;:&quot;https:\\\/\\\/moncompte.actu.fr&quot;,&quot;category&quot;:&quot;mon compte&quot;,&quot;from&quot;:&quot;article footer&quot;,&quot;name&quot;:&quot;Mon actu&quot;,&quot;type&quot;:&quot;cta&quot;}}\" target=\"_blank\">Mon Actu<\/a>.<\/p>\n","protected":false},"excerpt":{"rendered":"Par Lisa Rodrigues Publi\u00e9 le 14 ao\u00fbt 2025 \u00e0 9h44 Les vols avec armes sont en hausse \u00e0&hellip;\n","protected":false},"author":2,"featured_media":202463,"comment_status":"","ping_status":"","sticky":false,"template":"","format":"standard","meta":{"footnotes":""},"categories":[9566],"tags":[1111,11,2430,1777,674,118,1011,27,2731,12,1072,25],"class_list":{"0":"post-319263","1":"post","2":"type-post","3":"status-publish","4":"format-standard","5":"has-post-thumbnail","7":"category-grenoble","8":"tag-actu","9":"tag-actualites","10":"tag-auvergne-rhone-alpes","11":"tag-eu","12":"tag-europe","13":"tag-faits-divers","14":"tag-fr","15":"tag-france","16":"tag-grenoble","17":"tag-news","18":"tag-police","19":"tag-republique-francaise"},"share_on_mastodon":{"url":"https:\/\/pubeurope.com\/@fr\/115028750753265572","error":""},"_links":{"self":[{"href":"https:\/\/www.europesays.com\/fr\/wp-json\/wp\/v2\/posts\/319263","targetHints":{"allow":["GET"]}}],"collection":[{"href":"https:\/\/www.europesays.com\/fr\/wp-json\/wp\/v2\/posts"}],"about":[{"href":"https:\/\/www.europesays.com\/fr\/wp-json\/wp\/v2\/types\/post"}],"author":[{"embeddable":true,"href":"https:\/\/www.europesays.com\/fr\/wp-json\/wp\/v2\/users\/2"}],"replies":[{"embeddable":true,"href":"https:\/\/www.europesays.com\/fr\/wp-json\/wp\/v2\/comments?post=319263"}],"version-history":[{"count":0,"href":"https:\/\/www.europesays.com\/fr\/wp-json\/wp\/v2\/posts\/319263\/revisions"}],"wp:featuredmedia":[{"embeddable":true,"href":"https:\/\/www.europesays.com\/fr\/wp-json\/wp\/v2\/media\/202463"}],"wp:attachment":[{"href":"https:\/\/www.europesays.com\/fr\/wp-json\/wp\/v2\/media?parent=319263"}],"wp:term":[{"taxonomy":"category","embeddable":true,"href":"https:\/\/www.europesays.com\/fr\/wp-json\/wp\/v2\/categories?post=319263"},{"taxonomy":"post_tag","embeddable":true,"href":"https:\/\/www.europesays.com\/fr\/wp-json\/wp\/v2\/tags?post=319263"}],"curies":[{"name":"wp","href":"https:\/\/api.w.org\/{rel}","templated":true}]}}