{"id":319266,"date":"2025-08-14T19:24:18","date_gmt":"2025-08-14T19:24:18","guid":{"rendered":"https:\/\/www.europesays.com\/fr\/319266\/"},"modified":"2025-08-14T19:24:18","modified_gmt":"2025-08-14T19:24:18","slug":"srfc-rennes-fonce-chercher-son-numero-9-en-roumanie","status":"publish","type":"post","link":"https:\/\/www.europesays.com\/fr\/319266\/","title":{"rendered":"SRFC :\u00a0Rennes fonce chercher son num\u00e9ro 9 en Roumanie"},"content":{"rendered":"<p><strong>En qu\u00eate d\u2019un nouvel avant-centre pour compenser le d\u00e9part d\u2019Arnaud Kalimuendo en Premier League, le Stade Rennais a jet\u00e9 son d\u00e9volu sur Louis Munteanu, un attaquant roumain \u00e9voluant \u00e0 Cluj.<\/strong><\/p>\n<p>Le mercato estival de Rennes est loin d\u2019\u00eatre termin\u00e9. Apr\u00e8s avoir recrut\u00e9 des joueurs comme Mahdi Camara, Quentin Merlin, Valentin Rongier ou Przemyslaw Frankowski, le club breton s\u2019attaque au chantier de son num\u00e9ro neuf. Logique sachant qu&rsquo;Arnaud Kalimuendo s\u2019appr\u00eate \u00e0 prendre la direction de Nottingham Forest durant ce mercato estival. Attendu dans les prochaines heures du c\u00f4t\u00e9 de l&rsquo;Angleterre, o\u00f9 un gros contrat l&rsquo;attend, l&rsquo;international espoir fran\u00e7ais va partir en l&rsquo;\u00e9change d&rsquo;un transfert de 30 millions d\u2019euros. Une somme que <a href=\"https:\/\/www.foot01.com\/equipe\/rennes\/\" rel=\"nofollow noopener\" target=\"_blank\">Rennes<\/a> va r\u00e9investir en partie pour faire venir le rempla\u00e7ant de Kalimuendo. Et dans ce dossier prioritaire, le SRFC a coch\u00e9 le nom de Louis Munteanu, selon TransferFeed. <\/p>\n<p><strong>Rennes offre 18 ME pour recruter Louis Munteanu<\/strong><\/p>\n<blockquote class=\"twitter-tweet\"><p>&#13;<\/p>\n<p lang=\"en\" dir=\"ltr\">\ud83d\udea8 Rennes offers a record 18 million euros for Romanian striker Louis Munteanu, says Nelutu Varga.<a href=\"https:\/\/t.co\/uDTWFlNVnl\" rel=\"nofollow\">https:\/\/t.co\/uDTWFlNVnl<\/a><a href=\"https:\/\/twitter.com\/hashtag\/Liga1Romania?src=hash&amp;ref_src=twsrc%5Etfw\" rel=\"nofollow noopener\" target=\"_blank\">#Liga1Romania<\/a> <a href=\"https:\/\/twitter.com\/hashtag\/Ligue1?src=hash&amp;ref_src=twsrc%5Etfw\" rel=\"nofollow noopener\" target=\"_blank\">#Ligue1<\/a><\/p>\n<p>&#13;<br \/>\n\u2014 TransferFeed (@transferfeedcom) <a href=\"https:\/\/twitter.com\/transferfeedcom\/status\/1956018844645945739?ref_src=twsrc%5Etfw\" rel=\"nofollow noopener\" target=\"_blank\">August 14, 2025<\/a><\/p><\/blockquote>\n<p>Suivi par de nombreux clubs suite \u00e0 sa tr\u00e8s belle saison derni\u00e8re sous le maillot de Cluj (25 buts en 42 matchs), l\u2019attaquant de 23 ans \u00e9tait notamment dans le viseur du Celtic. Mais d\u2019apr\u00e8s Nelutu Varga, c\u2019est bien du c\u00f4t\u00e9 de Rennes que l\u2019ancien buteur de la Fiorentina pourrait poursuivre sa carri\u00e8re. Il faut dire que le club entra\u00een\u00e9 par Habib Beye vient de proposer 18 ME pour s\u2019attacher les services de Munteanu. Une offre record pour le foot roumain que Cluj aura bien du mal \u00e0 refuser, m\u00eame pour l\u00e2cher sa star. Ce qui signifie donc que Rennes est en passe de remplacer Kalimuendo avant m\u00eame son d\u00e9part officiel, en faisant venir un jeune joueur au potentiel certain qui ne demande qu\u2019\u00e0 exploser dans un grand championnat europ\u00e9en.<\/p>\n<p>          <script async src=\"https:\/\/platform.twitter.com\/widgets.js\" charset=\"utf-8\"><\/script><\/p>\n","protected":false},"excerpt":{"rendered":"En qu\u00eate d\u2019un nouvel avant-centre pour compenser le d\u00e9part d\u2019Arnaud Kalimuendo en Premier League, le Stade Rennais a&hellip;\n","protected":false},"author":2,"featured_media":319267,"comment_status":"","ping_status":"","sticky":false,"template":"","format":"standard","meta":{"footnotes":""},"categories":[2821],"tags":[1111,11,829,1777,674,1011,27,12,584,25],"class_list":{"0":"post-319266","1":"post","2":"type-post","3":"status-publish","4":"format-standard","5":"has-post-thumbnail","7":"category-rennes","8":"tag-actu","9":"tag-actualites","10":"tag-bretagne","11":"tag-eu","12":"tag-europe","13":"tag-fr","14":"tag-france","15":"tag-news","16":"tag-rennes","17":"tag-republique-francaise"},"share_on_mastodon":{"url":"https:\/\/pubeurope.com\/@fr\/115028758698121783","error":""},"_links":{"self":[{"href":"https:\/\/www.europesays.com\/fr\/wp-json\/wp\/v2\/posts\/319266","targetHints":{"allow":["GET"]}}],"collection":[{"href":"https:\/\/www.europesays.com\/fr\/wp-json\/wp\/v2\/posts"}],"about":[{"href":"https:\/\/www.europesays.com\/fr\/wp-json\/wp\/v2\/types\/post"}],"author":[{"embeddable":true,"href":"https:\/\/www.europesays.com\/fr\/wp-json\/wp\/v2\/users\/2"}],"replies":[{"embeddable":true,"href":"https:\/\/www.europesays.com\/fr\/wp-json\/wp\/v2\/comments?post=319266"}],"version-history":[{"count":0,"href":"https:\/\/www.europesays.com\/fr\/wp-json\/wp\/v2\/posts\/319266\/revisions"}],"wp:featuredmedia":[{"embeddable":true,"href":"https:\/\/www.europesays.com\/fr\/wp-json\/wp\/v2\/media\/319267"}],"wp:attachment":[{"href":"https:\/\/www.europesays.com\/fr\/wp-json\/wp\/v2\/media?parent=319266"}],"wp:term":[{"taxonomy":"category","embeddable":true,"href":"https:\/\/www.europesays.com\/fr\/wp-json\/wp\/v2\/categories?post=319266"},{"taxonomy":"post_tag","embeddable":true,"href":"https:\/\/www.europesays.com\/fr\/wp-json\/wp\/v2\/tags?post=319266"}],"curies":[{"name":"wp","href":"https:\/\/api.w.org\/{rel}","templated":true}]}}