{"id":319272,"date":"2025-08-14T19:27:10","date_gmt":"2025-08-14T19:27:10","guid":{"rendered":"https:\/\/www.europesays.com\/fr\/319272\/"},"modified":"2025-08-14T19:27:10","modified_gmt":"2025-08-14T19:27:10","slug":"ces-fiches-rappelleraient-les-heures-les-plus-sombres-de-notre-histoire-christian-estrosi-exige-des-explications-sur-le-fichage-dont-est-accuse-eric-ciotti","status":"publish","type":"post","link":"https:\/\/www.europesays.com\/fr\/319272\/","title":{"rendered":"\u00ab\u00a0Ces fiches rappelleraient les heures les plus sombres de notre histoire\u00a0\u00bb: Christian Estrosi exige des explications sur le fichage dont est accus\u00e9 Eric Ciotti"},"content":{"rendered":"<p>L\u2019affaire secoue la C\u00f4te d\u2019Azur. Alors que le parquet de Nice enqu\u00eate sur de <a href=\"https:\/\/www.nicematin.com\/politique\/-piliers-2023-relais-d-influence-2024-adherents-lr-2022-2023-2024-ou-encore-fichier-rose-dans-lesquels-sont-compiles-plusieurs-centaines-de-noms-avec-un-certain-nombre-d-indications-eric-ciotti-a-t-il-fiche-illegalement-des-citoyens--997992\" target=\"_blank\" rel=\"noopener nofollow\">possibles fichiers ill\u00e9gaux attribu\u00e9s \u00e0 \u00c9ric Ciotti<\/a>, Christian Estrosi est mont\u00e9 au cr\u00e9neau sur BFMTV. Le maire de Nice exige des r\u00e9ponses et n\u2019exclut pas d\u2019actions judiciaires.<\/p>\n<p>Selon le parquet, l\u2019enqu\u00eate pr\u00e9liminaire vise des \u00ab\u00a0enregistrements ou conservation de donn\u00e9es \u00e0 caract\u00e8re personnel sensibles sans le consentement des int\u00e9ress\u00e9s\u00a0\u00bb.<\/p>\n<p>Mardi 12 ao\u00fbt, <a href=\"https:\/\/www.nicematin.com\/faits-divers\/perquisition-au-conseil-departemental-des-alpes-maritimes-ce-mardi-eric-ciotti-vise-par-une-enquete-sur-des-fichiers-informatiques-troublants-997852\" target=\"_blank\" rel=\"noopener nofollow\">des perquisitions ont \u00e9t\u00e9 men\u00e9es dans des bureaux du conseil d\u00e9partemental<\/a> des Alpes-Maritimes, notamment chez des collaborateurs d\u2019\u00c9ric Ciotti.<\/p>\n<p>Des fichiers, aux noms \u00e9vocateurs comme Piliers 2023 ou Relais d\u2019influence 2024, contiendraient les coordonn\u00e9es et des informations tr\u00e8s personnelles sur des centaines de personnes: opinions politiques, religion, \u00e9tat de sant\u00e9, situation patrimoniale.<\/p>\n<p>Face \u00e0 ces soup\u00e7ons, Christian Estrosi pose un ultimatum: \u00ab\u00a0Si ce que vous \u00e9voquez est faux et j\u2019attends un d\u00e9menti le plus absolu de la part de ceux qui en seraient \u00e0 l\u2019origine.\u00a0\u00bb<\/p>\n<p><strong>\u00ab\u00a0Les heures les plus sombres\u00a0\u00bb<\/strong><\/p>\n<p>Pour l\u2019\u00e9dile ni\u00e7ois, les implications sont lourdes: \u00ab\u00a0Un fichier des juifs, des homosexuels, des policiers\u2026 Imaginez que ces fiches, qui rappelleraient tout simplement les heures les plus sombres de notre histoire, soient une r\u00e9alit\u00e9 et un usage dans notre d\u00e9mocratie\u00a0\u00bb.<\/p>\n<p>Il affirme que, si ces faits \u00e9taient confirm\u00e9s, \u00ab\u00a0ces pratiques-l\u00e0 sont ignobles et dangereuses\u00a0\u00bb et promet de \u00ab\u00a0mettre tout en \u0153uvre pour obtenir la v\u00e9rit\u00e9 enti\u00e8re\u00a0\u00bb.<\/p>\n<p><strong>La CNIL d\u00e9j\u00e0 saisie<\/strong><\/p>\n<p>Christian Estrosi indique que la CNIL aurait d\u00e9j\u00e0 \u00e9t\u00e9 alert\u00e9e et annonce \u00e9tudier \u00ab\u00a0les conditions dans lesquelles nous engagerons les actions n\u00e9cessaires, que ce soit aupr\u00e8s de la CNIL ou aupr\u00e8s des instances judiciaires\u00a0\u00bb.<\/p>\n<p>Le maire de Nice insiste: \u00ab\u00a0Nous ne pouvons pas accepter [\u2026] qu\u2019aujourd\u2019hui, tous mes concitoyens puissent imaginer \u00eatre cit\u00e9s, fich\u00e9s, suivis et \u00e9pi\u00e9s en toutes circonstances\u00a0\u00bb. Il pr\u00e9vient \u00e9galement des risques d\u2019un piratage de telles donn\u00e9es, \u00ab\u00a0qui pourraient tomber entre les mains de r\u00e9gimes susceptibles d\u2019en faire un usage extr\u00eamement dangereux\u00a0\u00bb.<\/p>\n<p>Et de conclure, d\u00e9termin\u00e9: \u00ab\u00a0Je veux que mes concitoyens sachent que je serai un barrage, que je me dresserai contre une telle attitude\u00a0\u00bb.<\/p>\n","protected":false},"excerpt":{"rendered":"L\u2019affaire secoue la C\u00f4te d\u2019Azur. Alors que le parquet de Nice enqu\u00eate sur de possibles fichiers ill\u00e9gaux attribu\u00e9s&hellip;\n","protected":false},"author":2,"featured_media":184289,"comment_status":"","ping_status":"","sticky":false,"template":"","format":"standard","meta":{"footnotes":""},"categories":[2819],"tags":[1111,11,1777,674,1011,27,303,12,2401,316,882,25],"class_list":{"0":"post-319272","1":"post","2":"type-post","3":"status-publish","4":"format-standard","5":"has-post-thumbnail","7":"category-nice","8":"tag-actu","9":"tag-actualites","10":"tag-eu","11":"tag-europe","12":"tag-fr","13":"tag-france","14":"tag-justice","15":"tag-news","16":"tag-nice","17":"tag-politique","18":"tag-provence-alpes-cote-dazur","19":"tag-republique-francaise"},"share_on_mastodon":{"url":"https:\/\/pubeurope.com\/@fr\/115028770611394407","error":""},"_links":{"self":[{"href":"https:\/\/www.europesays.com\/fr\/wp-json\/wp\/v2\/posts\/319272","targetHints":{"allow":["GET"]}}],"collection":[{"href":"https:\/\/www.europesays.com\/fr\/wp-json\/wp\/v2\/posts"}],"about":[{"href":"https:\/\/www.europesays.com\/fr\/wp-json\/wp\/v2\/types\/post"}],"author":[{"embeddable":true,"href":"https:\/\/www.europesays.com\/fr\/wp-json\/wp\/v2\/users\/2"}],"replies":[{"embeddable":true,"href":"https:\/\/www.europesays.com\/fr\/wp-json\/wp\/v2\/comments?post=319272"}],"version-history":[{"count":0,"href":"https:\/\/www.europesays.com\/fr\/wp-json\/wp\/v2\/posts\/319272\/revisions"}],"wp:featuredmedia":[{"embeddable":true,"href":"https:\/\/www.europesays.com\/fr\/wp-json\/wp\/v2\/media\/184289"}],"wp:attachment":[{"href":"https:\/\/www.europesays.com\/fr\/wp-json\/wp\/v2\/media?parent=319272"}],"wp:term":[{"taxonomy":"category","embeddable":true,"href":"https:\/\/www.europesays.com\/fr\/wp-json\/wp\/v2\/categories?post=319272"},{"taxonomy":"post_tag","embeddable":true,"href":"https:\/\/www.europesays.com\/fr\/wp-json\/wp\/v2\/tags?post=319272"}],"curies":[{"name":"wp","href":"https:\/\/api.w.org\/{rel}","templated":true}]}}