{"id":319277,"date":"2025-08-14T19:35:17","date_gmt":"2025-08-14T19:35:17","guid":{"rendered":"https:\/\/www.europesays.com\/fr\/319277\/"},"modified":"2025-08-14T19:35:17","modified_gmt":"2025-08-14T19:35:17","slug":"il-roule-a-211-km-h-sur-un-axe-limite-a-110-km-h-un-motard-arrete-par-les-gendarmes-pres","status":"publish","type":"post","link":"https:\/\/www.europesays.com\/fr\/319277\/","title":{"rendered":"Il roule \u00e0 211\u00a0km\/h sur un axe limit\u00e9 \u00e0 110\u00a0km\/h : un motard arr\u00eat\u00e9 par les gendarmes pr\u00e8s"},"content":{"rendered":"<p>100\u00a0km\/h. Ce n\u2019est pas la vitesse \u00e0 laquelle roulait ce motard sur la route d\u00e9partementale 117, reliant Saint-Philbert-de-Grand-Lieu aux Sorini\u00e8res, au sud de Nantes, mais bien son exc\u00e8s. Samedi 9\u00a0ao\u00fbt, il a \u00e9t\u00e9 contr\u00f4l\u00e9 \u00e0 211\u00a0km\/h, \u00e0 hauteur de La Chevroli\u00e8re, par des agents de la gendarmerie de Loire-Atlantique, sur cet axe o\u00f9 la vitesse est limit\u00e9e \u00e0 110\u00a0km\/h.<\/p>\n<p><strong>Lire aussi\u00a0:<\/strong>\u00a0<a href=\"https:\/\/vannes.maville.com\/actu\/actudet_-controle-a-215-km-h-entre-nantes-et-vannes-il-ne-s-arrete-pas-et-eteint-ses-phares-en-pleine-nuit-_52710-6631706_actu.Htm\" target=\"_self\" rel=\"noopener\">Contr\u00f4l\u00e9 \u00e0 215\u00a0km\/h entre Nantes et Vannes, il ne s\u2019arr\u00eate pas et \u00e9teint ses phares en pleine nuit<\/a><\/p>\n<\/p>\n<p>Le pilote, \u00e2g\u00e9 de 50\u00a0ans, \u00e9tait connu des services de gendarmerie pour un autre grand exc\u00e8s de vitesse. Il sera pr\u00e9sent\u00e9 devant un juge.<\/p>\n<p>\u00a0<\/p>\n","protected":false},"excerpt":{"rendered":"100\u00a0km\/h. Ce n\u2019est pas la vitesse \u00e0 laquelle roulait ce motard sur la route d\u00e9partementale 117, reliant Saint-Philbert-de-Grand-Lieu&hellip;\n","protected":false},"author":2,"featured_media":319278,"comment_status":"","ping_status":"","sticky":false,"template":"","format":"standard","meta":{"footnotes":""},"categories":[2818],"tags":[38111,45737,1111,11,11354,5913,1777,674,1011,27,13369,17714,23791,3914,766,12,2636,3762,25,27248],"class_list":{"0":"post-319277","1":"post","2":"type-post","3":"status-publish","4":"format-standard","5":"has-post-thumbnail","7":"category-nantes","8":"tag-38111","9":"tag-45737","10":"tag-actu","11":"tag-actualites","12":"tag-arrete","13":"tag-axe","14":"tag-eu","15":"tag-europe","16":"tag-fr","17":"tag-france","18":"tag-gendarmes","19":"tag-km","20":"tag-limite","21":"tag-motard","22":"tag-nantes","23":"tag-news","24":"tag-pays-de-la-loire","25":"tag-pres","26":"tag-republique-francaise","27":"tag-roule"},"share_on_mastodon":{"url":"https:\/\/pubeurope.com\/@fr\/115028802030846793","error":""},"_links":{"self":[{"href":"https:\/\/www.europesays.com\/fr\/wp-json\/wp\/v2\/posts\/319277","targetHints":{"allow":["GET"]}}],"collection":[{"href":"https:\/\/www.europesays.com\/fr\/wp-json\/wp\/v2\/posts"}],"about":[{"href":"https:\/\/www.europesays.com\/fr\/wp-json\/wp\/v2\/types\/post"}],"author":[{"embeddable":true,"href":"https:\/\/www.europesays.com\/fr\/wp-json\/wp\/v2\/users\/2"}],"replies":[{"embeddable":true,"href":"https:\/\/www.europesays.com\/fr\/wp-json\/wp\/v2\/comments?post=319277"}],"version-history":[{"count":0,"href":"https:\/\/www.europesays.com\/fr\/wp-json\/wp\/v2\/posts\/319277\/revisions"}],"wp:featuredmedia":[{"embeddable":true,"href":"https:\/\/www.europesays.com\/fr\/wp-json\/wp\/v2\/media\/319278"}],"wp:attachment":[{"href":"https:\/\/www.europesays.com\/fr\/wp-json\/wp\/v2\/media?parent=319277"}],"wp:term":[{"taxonomy":"category","embeddable":true,"href":"https:\/\/www.europesays.com\/fr\/wp-json\/wp\/v2\/categories?post=319277"},{"taxonomy":"post_tag","embeddable":true,"href":"https:\/\/www.europesays.com\/fr\/wp-json\/wp\/v2\/tags?post=319277"}],"curies":[{"name":"wp","href":"https:\/\/api.w.org\/{rel}","templated":true}]}}