{"id":319281,"date":"2025-08-14T19:37:12","date_gmt":"2025-08-14T19:37:12","guid":{"rendered":"https:\/\/www.europesays.com\/fr\/319281\/"},"modified":"2025-08-14T19:37:12","modified_gmt":"2025-08-14T19:37:12","slug":"la-gendarmerie-de-bordeaux-saisit-13-tonne-de-cocaine","status":"publish","type":"post","link":"https:\/\/www.europesays.com\/fr\/319281\/","title":{"rendered":"la gendarmerie de Bordeaux saisit 1,3 tonne de coca\u00efne"},"content":{"rendered":"<p>Sur l&rsquo;autoroute A63, la gendarmerie a intercept\u00e9 un camion transportant 1,3 tonne de coca\u00efne en provenance d\u2019Espagne. Une saisie estim\u00e9e entre 30 et 40 millions d\u2019euros.<\/p>\n<p>Un sacr\u00e9 coup de filet. <a href=\"https:\/\/rmc.bfmtv.com\/actualites\/societe\/video-le-pdg-de-l-ina-arrete-avec-de-la-cocaine-je-l-aurais-immediatement-vire_VN-202508140292.html\" title=\"Le PDG de l&#039;INA arr\u00eat\u00e9 avec de la coca\u00efne : &quot;Je l&#039;aurais imm\u00e9diatement vir\u00e9&quot;\" class=\"internal_link\" rel=\"nofollow noopener\" target=\"_blank\">La gendarmerie a saisi 1,3 tonne de coca\u00efne<\/a>, d&rsquo;une valeur marchande estim\u00e9e \u00e0 plusieurs dizaines de millions d&rsquo;euros, dans un camion arrivant d&rsquo;Espagne dimanche au sud de Bordeaux, a annonc\u00e9 jeudi le parquet de Bordeaux.<\/p>\n<p>L&rsquo;interception a eu lieu sur l&rsquo;autoroute A63 \u00e0 hauteur de Cestas (Gironde). Le chauffeur espagnol de 36 ans a \u00e9t\u00e9 d\u00e9f\u00e9r\u00e9 pour \u00eatre mis en examen, au terme de sa garde \u00e0 vue, devant un magistrat de la Juridiction interr\u00e9gionale sp\u00e9cialis\u00e9e (Jirs) de Bordeaux. Le parquet a requis son placement en d\u00e9tention.<\/p>\n<p>L&rsquo;information judiciaire est ouverte pour <a href=\"https:\/\/rmc.bfmtv.com\/actualites\/police-justice\/les-gendarmes-surpris-par-l-ampleur-d-un-trafic-de-drogue-entre-la-france-et-le-canada_AV-202505180198.html\" title=\"Les gendarmes surpris par l&#039;ampleur d&#039;un trafic de drogue entre la France et le Canada\" class=\"internal_link\" rel=\"nofollow noopener\" target=\"_blank\">importation de drogue en bande organis\u00e9e<\/a> et participation \u00e0 une association de malfaiteurs, des faits passibles de 10 ans d&#8217;emprisonnement.<\/p>\n<p>Une longue enqu\u00eate estivale<\/p>\n<p>L&rsquo;enqu\u00eate de la section de recherches (SR) de Bordeaux avait \u00e9t\u00e9 initi\u00e9e d\u00e9but juillet par un renseignement sur l&rsquo;implication du camion dans <a href=\"https:\/\/rmc.bfmtv.com\/actualites\/police-justice\/video-trafic-de-stupefiants-ce-qui-est-tres-bien-c-est-que-les-services-repressifs-ont-pris-conscience-qu-il-ne-suffit-pas-de-saisir-la-marchandise-il-faut-s-en-prendre-aux-organisations-dit-nicolas-bessone-procureur-de-la-republique-de-marseille_VN-202508050161.html\" title=\"Trafic de stup\u00e9fiants : &quot;Ce qui est tr\u00e8s bien c&#039;est que les services r\u00e9pressifs ont pris conscience qu&#039;il ne suffit pas de saisir la marchandise, il faut s&#039;en prendre aux organisations&quot;, dit Nicolas Bessone, procureur de la R\u00e9publique de Marseille\" class=\"internal_link\" rel=\"nofollow noopener\" target=\"_blank\">un trafic de stup\u00e9fiants<\/a>, confirm\u00e9e par des trajets suspects entre l&rsquo;Espagne et le nord de l&rsquo;Europe.<\/p>\n<p>Le 10 ao\u00fbt, inform\u00e9s d&rsquo;un nouveau passage de la fronti\u00e8re, les enqu\u00eateurs ont intercept\u00e9 le poids lourd et d\u00e9couvert \u00e0 l&rsquo;int\u00e9rieur des dizaines de sacs dissimul\u00e9s dans des caisses en bois, renfermant au total 1.345 kilos de coca\u00efne.<\/p>\n<p>La valeur marchande de la drogue est estim\u00e9e entre 30 et 40 millions d&rsquo;euros pour une revente en semi-gros, a indiqu\u00e9 \u00e0 l&rsquo;AFP la colonelle Christelle Tarrolle, cheffe de l&rsquo;Unit\u00e9 nationale d&rsquo;investigation (UNI) de la gendarmerie.<\/p>\n<p>\u00ab\u00a0Cette nouvelle saisie confirme la tendance d\u00e9j\u00e0 constat\u00e9e du d\u00e9veloppement important d&rsquo;une voie d&rsquo;importation de la coca\u00efne en Europe depuis le sud de l&rsquo;Espagne et du Portugal\u00a0\u00bb, a comment\u00e9 le procureur de la R\u00e9publique \u00e0 Bordeaux, Renaud Gaudeul, dans un communiqu\u00e9.<\/p>\n<p>Une \u00ab\u00a0op\u00e9ration exemplaire\u00a0\u00bb et \u00ab\u00a0une saisie record\u00a0\u00bb salu\u00e9 par Bruno Retailleau<\/p>\n<p>Le ministre de l&rsquo;Int\u00e9rieur, <a href=\"https:\/\/rmc.bfmtv.com\/actualites\/police-justice\/assomption-bruno-retailleau-appelle-a-un-renforcement-de-la-protection-des-lieux-de-culte-chretiens_AN-202508090175.html\" title=\"Assomption: Bruno Retailleau appelle \u00e0 un renforcement de la protection des lieux de culte chr\u00e9tiens\" class=\"internal_link\" rel=\"nofollow noopener\" target=\"_blank\">Bruno Retailleau<\/a>, a salu\u00e9 \u00ab\u00a0une saisie record\u00a0\u00bb et une \u00ab\u00a0op\u00e9ration exemplaire\u00a0\u00bb men\u00e9e en coop\u00e9ration avec la Guardia Civil espagnole.<\/p>\n<p>La SR de Bordeaux, en cosaisine avec l&rsquo;Office antistup\u00e9fiants (Ofast), a re\u00e7u l&rsquo;appui de l&rsquo;UNI et du Service central de renseignement criminel. Ces deux unit\u00e9s int\u00e9greront, au 1er septembre, la nouvelle Unit\u00e9 nationale de police judiciaire de la gendarmerie nationale (UNPJ) d\u00e9di\u00e9e \u00e0 la lutte contre la criminalit\u00e9 organis\u00e9e.<\/p>\n<p><img decoding=\"async\" src=\"https:\/\/www.europesays.com\/fr\/wp-content\/uploads\/2025\/06\/principale-131_7.jpg\"  alt=\"L'invit\u00e9e d'Apolline Matin : \u00c0 Marseille, le quartier Belsunce gangr\u00e9n\u00e9 par la drogue - 05\/08\" title=\"L'invit\u00e9e d'Apolline Matin : \u00c0 Marseille, le quartier Belsunce gangr\u00e9n\u00e9 par la drogue - 05\/08\"\/>L&rsquo;invit\u00e9e d&rsquo;Apolline Matin : \u00c0 Marseille, le quartier Belsunce gangr\u00e9n\u00e9 par la drogue &#8211; 05\/08<\/p>\n<p>En 2024, les saisies de coca\u00efne en France ont atteint 53,5 tonnes, un niveau jamais atteint (+130% par rapport \u00e0 2023), selon une note de l&rsquo;Ofast consult\u00e9e par l&rsquo;AFP. Les acheminements par voie maritime intercept\u00e9s ont totalis\u00e9 41,8 tonnes, soit 78% des saisies, dont 14,4 tonnes au seul port du Havre (5,3 tonnes en 2023).<\/p>\n<p>Relativement \u00e9pargn\u00e9e jusqu&rsquo;en 2020, la France est devenue l&rsquo;un des pays europ\u00e9ens les plus touch\u00e9s, d\u00e9passant des pays traditionnellement impact\u00e9s (Belgique, Pays-Bas). Le durcissement des contr\u00f4les dans les ports d&rsquo;Anvers et Rotterdam peut expliquer une r\u00e9orientation des trafics vers le sud de l&rsquo;Europe, selon la m\u00eame source.<\/p>\n<p>Et la tendance se poursuit en 2025: au 1er mai, les saisies s&rsquo;\u00e9levaient \u00e0 29,4 tonnes (+56% sur un an), d&rsquo;apr\u00e8s la note de l&rsquo;office antidrogue. Hors voie maritime, <a href=\"https:\/\/rmc.bfmtv.com\/actualites\/international\/espagne-deux-francais-recherches-pour-meurtre-et-trafic-de-drogue-arretes-a-benidorm_AN-202508110441.html\" title=\"Espagne: deux Fran\u00e7ais recherch\u00e9s pour meurtre et trafic de drogue arr\u00eat\u00e9s \u00e0 Benidorm\" class=\"internal_link\" rel=\"nofollow noopener\" target=\"_blank\">la fronti\u00e8re routi\u00e8re entre l&rsquo;Espagne et la France<\/a> est particuli\u00e8rement expos\u00e9e, des passeurs empruntant aussi la voie ferroviaire, moins contr\u00f4l\u00e9e.<\/p>\n","protected":false},"excerpt":{"rendered":"Sur l&rsquo;autoroute A63, la gendarmerie a intercept\u00e9 un camion transportant 1,3 tonne de coca\u00efne en provenance d\u2019Espagne. Une&hellip;\n","protected":false},"author":2,"featured_media":319282,"comment_status":"","ping_status":"","sticky":false,"template":"","format":"standard","meta":{"footnotes":""},"categories":[2817],"tags":[1111,11,1997,1777,674,1011,27,12,2219,25],"class_list":{"0":"post-319281","1":"post","2":"type-post","3":"status-publish","4":"format-standard","5":"has-post-thumbnail","7":"category-bordeaux","8":"tag-actu","9":"tag-actualites","10":"tag-bordeaux","11":"tag-eu","12":"tag-europe","13":"tag-fr","14":"tag-france","15":"tag-news","16":"tag-nouvelle-aquitaine","17":"tag-republique-francaise"},"share_on_mastodon":{"url":"https:\/\/pubeurope.com\/@fr\/115028809821199111","error":""},"_links":{"self":[{"href":"https:\/\/www.europesays.com\/fr\/wp-json\/wp\/v2\/posts\/319281","targetHints":{"allow":["GET"]}}],"collection":[{"href":"https:\/\/www.europesays.com\/fr\/wp-json\/wp\/v2\/posts"}],"about":[{"href":"https:\/\/www.europesays.com\/fr\/wp-json\/wp\/v2\/types\/post"}],"author":[{"embeddable":true,"href":"https:\/\/www.europesays.com\/fr\/wp-json\/wp\/v2\/users\/2"}],"replies":[{"embeddable":true,"href":"https:\/\/www.europesays.com\/fr\/wp-json\/wp\/v2\/comments?post=319281"}],"version-history":[{"count":0,"href":"https:\/\/www.europesays.com\/fr\/wp-json\/wp\/v2\/posts\/319281\/revisions"}],"wp:featuredmedia":[{"embeddable":true,"href":"https:\/\/www.europesays.com\/fr\/wp-json\/wp\/v2\/media\/319282"}],"wp:attachment":[{"href":"https:\/\/www.europesays.com\/fr\/wp-json\/wp\/v2\/media?parent=319281"}],"wp:term":[{"taxonomy":"category","embeddable":true,"href":"https:\/\/www.europesays.com\/fr\/wp-json\/wp\/v2\/categories?post=319281"},{"taxonomy":"post_tag","embeddable":true,"href":"https:\/\/www.europesays.com\/fr\/wp-json\/wp\/v2\/tags?post=319281"}],"curies":[{"name":"wp","href":"https:\/\/api.w.org\/{rel}","templated":true}]}}