{"id":319287,"date":"2025-08-14T19:41:10","date_gmt":"2025-08-14T19:41:10","guid":{"rendered":"https:\/\/www.europesays.com\/fr\/319287\/"},"modified":"2025-08-14T19:41:10","modified_gmt":"2025-08-14T19:41:10","slug":"lille-a-trouve-le-successeur-de-lucas-chevalier-france-losc","status":"publish","type":"post","link":"https:\/\/www.europesays.com\/fr\/319287\/","title":{"rendered":"Lille a trouv\u00e9 le successeur de Lucas Chevalier &#8211; France &#8211; LOSC"},"content":{"rendered":"<p>Enfin !<\/p>\n<p>\u00c0 quelques heures de son entr\u00e9e en lice pour cette nouvelle saison de Ligue 1 (dimanche, \u00e0 15 heures, sur la pelouse de Brest), <strong>le LOSC a officialis\u00e9 l\u2019arriv\u00e9e de Berke \u00d6zer<\/strong> au poste de gardien de but. Arriv\u00e9 en provenance d\u2019Ey\u00fcpspor, le gardien international turc aux deux s\u00e9lections a paraph\u00e9 un contrat de quatre ans, contre environ 4 millions d\u2019euros, selon <a target=\"_blank\" href=\"https:\/\/www.footmercato.net\/a2343018512700888018-le-losc-soffre-berke-ozer-pour-remplacer-lucas-chevalier\" rel=\"noopener nofollow\">Foot Mercato<\/a>.<\/p>\n<p>Les Turcs ont la cote \u00e0 Lille<\/p>\n<p>\u00c2g\u00e9 de 25 ans, le portier a connu <strong>un d\u00e9but de carri\u00e8re tumultueux<\/strong> : arriv\u00e9 comme espoirs Fenerbah\u00e7e, il a rapidement \u00e9t\u00e9 envoy\u00e9 en pr\u00eat \u00e0 Westerlo, puis a bourlingu\u00e9 entre Portimonense, \u00dcmraniyespor et Ey\u00fcpspor. L\u2019heure de la stabilit\u00e9 a-t-elle sonn\u00e9 ? \u00ab\u00a0Souhaitons-lui la m\u00eame r\u00e9ussite que ses compatriotes turcs, Zeki \u00c7elik, Yusuf Yaz\u0131c\u0131, Burak Y\u0131lmaz, dont les passages r\u00e9cents ont marqu\u00e9 l\u2019histoire du club\u00a0\u00bb, ont en tout cas soulign\u00e9 les Dogues dans leur communiqu\u00e9.<\/p>\n<blockquote class=\"twitter-tweet\">\n<p lang=\"fr\" dir=\"ltr\">Le gardien de but Berke \u00d6zer (25 ans) est un Dogue ! Le LOSC, le club d\u2019Ey\u00fcpspor et le joueur se sont entendus sur un transfert assorti d\u2019un contrat de 4 ans. Le portier international turc (2 s\u00e9lections) s\u2019est engag\u00e9 jusqu\u2019en 2029.<br \/>\nLe communiqu\u00e9 \u27a1\ufe0f <a target=\"_blank\" href=\"https:\/\/t.co\/Zbz2oQQbV8\" rel=\"nofollow\">https:\/\/t.co\/Zbz2oQQbV8<\/a>\u2026 <a target=\"_blank\" href=\"https:\/\/t.co\/F0Jfxv71P9\" rel=\"nofollow\">pic.twitter.com\/F0Jfxv71P9<\/a><\/p>\n<p>\u2014 LOSC (@losclive) <a target=\"_blank\" href=\"https:\/\/twitter.com\/losclive\/status\/1956031953326559387?ref_src=twsrc%5Etfw\" rel=\"nofollow noopener\">August 14, 2025<\/a><\/p><\/blockquote>\n<p>Plus t\u00f4t dans la semaine, <a target=\"_blank\" href=\"https:\/\/www.sofoot.com\/breves\/lucas-chevalier-debarque-officiellement-au-paris-saint-germain\" rel=\"noopener nofollow\">Lille avait perdu son gardien titulaire, Lucas Chevalier<\/a>. Le gamin du coin, qui tenait parfaitement son r\u00f4le de dernier rempart depuis trois saisons, a d\u00e9cid\u00e9 de <strong>filer voir si l\u2019herbe \u00e9tait plus verte au Paris Saint-Germain<\/strong>. Bien lui en a prit, car d\u00e8s son premier match avec le club de la capitale, <a target=\"_blank\" href=\"https:\/\/www.sofoot.com\/articles\/revenu-de-nulle-part-le-psg-arrache-la-supercoupe-deurope-aux-tirs-aux-buts-contre-tottenham\" rel=\"noopener nofollow\">le Fran\u00e7ais a soulev\u00e9 la Supercoupe d\u2019Europe<\/a>.<\/p>\n<p>Berke \u00d6zer devra s\u2019employer pour le faire oublier.<\/p>\n<p>\t\t\t\t\t\t\t\t\t\t<a class=\"lien-connexe\" href=\"https:\/\/www.sofoot.com\/articles\/messi-ilenikhena-benhattab-les-10-joueurs-quil-ne-faut-pas-rater-en-ligue-1-cette-saison\" rel=\"nofollow noopener\" target=\"_blank\">Les 10 joueurs \u00e0 ne pas rater cette saison en Ligue 1<\/a>\t\t\t\t\t<script async src=\"https:\/\/platform.twitter.com\/widgets.js\" charset=\"utf-8\"><\/script><\/p>\n","protected":false},"excerpt":{"rendered":"Enfin ! \u00c0 quelques heures de son entr\u00e9e en lice pour cette nouvelle saison de Ligue 1 (dimanche,&hellip;\n","protected":false},"author":2,"featured_media":319288,"comment_status":"","ping_status":"","sticky":false,"template":"","format":"standard","meta":{"footnotes":""},"categories":[2815],"tags":[1111,47,11,61,69,65,64,1777,674,63,1011,27,811,68,66,1307,12,62,70,25,67],"class_list":{"0":"post-319287","1":"post","2":"type-post","3":"status-publish","4":"format-standard","5":"has-post-thumbnail","7":"category-lille","8":"tag-actu","9":"tag-actualite","10":"tag-actualites","11":"tag-actus-football","12":"tag-bundesliga","13":"tag-championnats-europeens","14":"tag-equipe-de-france","15":"tag-eu","16":"tag-europe","17":"tag-football","18":"tag-fr","19":"tag-france","20":"tag-hauts-de-france","21":"tag-ligua","22":"tag-ligue-1","23":"tag-lille","24":"tag-news","25":"tag-news-foot","26":"tag-premier-league","27":"tag-republique-francaise","28":"tag-serie-a"},"share_on_mastodon":{"url":"https:\/\/pubeurope.com\/@fr\/115028825505046689","error":""},"_links":{"self":[{"href":"https:\/\/www.europesays.com\/fr\/wp-json\/wp\/v2\/posts\/319287","targetHints":{"allow":["GET"]}}],"collection":[{"href":"https:\/\/www.europesays.com\/fr\/wp-json\/wp\/v2\/posts"}],"about":[{"href":"https:\/\/www.europesays.com\/fr\/wp-json\/wp\/v2\/types\/post"}],"author":[{"embeddable":true,"href":"https:\/\/www.europesays.com\/fr\/wp-json\/wp\/v2\/users\/2"}],"replies":[{"embeddable":true,"href":"https:\/\/www.europesays.com\/fr\/wp-json\/wp\/v2\/comments?post=319287"}],"version-history":[{"count":0,"href":"https:\/\/www.europesays.com\/fr\/wp-json\/wp\/v2\/posts\/319287\/revisions"}],"wp:featuredmedia":[{"embeddable":true,"href":"https:\/\/www.europesays.com\/fr\/wp-json\/wp\/v2\/media\/319288"}],"wp:attachment":[{"href":"https:\/\/www.europesays.com\/fr\/wp-json\/wp\/v2\/media?parent=319287"}],"wp:term":[{"taxonomy":"category","embeddable":true,"href":"https:\/\/www.europesays.com\/fr\/wp-json\/wp\/v2\/categories?post=319287"},{"taxonomy":"post_tag","embeddable":true,"href":"https:\/\/www.europesays.com\/fr\/wp-json\/wp\/v2\/tags?post=319287"}],"curies":[{"name":"wp","href":"https:\/\/api.w.org\/{rel}","templated":true}]}}