{"id":319289,"date":"2025-08-14T19:42:11","date_gmt":"2025-08-14T19:42:11","guid":{"rendered":"https:\/\/www.europesays.com\/fr\/319289\/"},"modified":"2025-08-14T19:42:11","modified_gmt":"2025-08-14T19:42:11","slug":"solidarite-des-provencaux-avec-lukraine","status":"publish","type":"post","link":"https:\/\/www.europesays.com\/fr\/319289\/","title":{"rendered":"Solidarit\u00e9 des Proven\u00e7aux avec l&rsquo;Ukraine\u00a0\u00a0"},"content":{"rendered":"<p>Le 16 Ao\u00fbt prochain, c\u2019est un \u00e9trange v\u00e9hicule qui prendra la route au d\u00e9part de Marseille pour rejoindre l\u2019Ukraine.<br \/>\n<img fetchpriority=\"high\" decoding=\"async\" class=\"size-large wp-image-109036\" src=\"https:\/\/www.europesays.com\/fr\/wp-content\/uploads\/2025\/08\/Ukraine-1-1024x771.jpg\" alt=\"Destimed Ukraine 1\" width=\"1024\" height=\"771\"  \/>Envoi \u00e0 partir de Marseille d\u2019un cabinet dentaire mobile destin\u00e9 au traitement des patients au plus pr\u00e8s de la ligne de front entre arm\u00e9es russe et ukrainienne (Photo DR)<\/p>\n<p>Engag\u00e9es sur le champ de la solidarit\u00e9 avec l\u2019Ukraine depuis F\u00e9vrier 2022 lorsque l\u2019arm\u00e9e russe lan\u00e7a sa guerre d\u2019invasion,\u00a0 trois associations proven\u00e7ales ont uni leurs efforts pour mener \u00e0 bien un projet original d\u2019aide humanitaire : \u00ab Fraternit\u00e9 Franco-Ukrainienne Provence \u00bb (Marseille), \u00ab We are Ukraine \u00bb (Aix-en-Provence) et \u00ab Solidarit\u00e9 Ukraine-Auriol-Pays d\u2019Aubagne et de l\u2019Etoile \u00bb ont con\u00e7u le projet de mettre sur pied, ou plut\u00f4t sur roues, un cabinet dentaire mobile destin\u00e9 au traitement des patients au plus pr\u00e8s de la ligne de front entre arm\u00e9es russe et ukrainienne.<\/p>\n<p>Gr\u00e2ce \u00e0 des dons tr\u00e8s significatifs, cette belle initiative, d\u2019un co\u00fbt total de 25 000 euros a pu voir le jour : acquisition d\u2019une ambulance du SAMU, mat\u00e9riel complet d\u2019un cabinet dentaire donn\u00e9 par un dentiste marseillais partant \u00e0 la retraite, am\u00e9nagement du v\u00e9hicule et installation de tous les \u00e9quipements m\u00e9dicaux par les experts b\u00e9n\u00e9voles des trois associations.<\/p>\n<p>Cette unit\u00e9 dentaire mobile arrivera \u00e0 Kiev vers le 19 Ao\u00fbt d\u2019o\u00f9 elle sera ensuite redirig\u00e9e vers Kharkiv pour y \u00eatre officiellement remise \u00e0 deux ONG ukrainiennes,\u00a0 \u00ab No Border \u00bb et \u00ab Frida \u00bb , cette derni\u00e8re disposant d\u2019un r\u00e9seau de 15 chirurgiens-dentistes.<\/p>\n<p>S\u2019il est notable par sa symbolique et sa r\u00e9elle utilit\u00e9,\u00a0 ce projet n\u2019est que le dernier en date des actions de solidarit\u00e9 de ces trois associations proven\u00e7ales qui s\u2019emploient inlassablement \u00e0 venir en aide aux Ukrainiens depuis trois ans :<\/p>\n<ul>\n<li>Envoi de 15 convois poids-lourds soit 800m3 de mat\u00e9riel m\u00e9dical,\u00a0 denr\u00e9es alimentaires, produits d\u2019hygi\u00e8ne.<\/li>\n<li>Installation d\u2019une salle d\u2019op\u00e9rations en neurochirurgie \u00e0 l\u2019h\u00f4pital de Kharkiv.<\/li>\n<li>Envoi d\u2019une ambulance sur la ligne de front en 2023.<\/li>\n<li>Participation \u00e0 l\u2019accueil du flux de r\u00e9fugi\u00e9s dans la R\u00e9gion en 2022, et ouverture de \u00ab l\u2019\u00e9cole des enfants heureux \u00ab\u00a0 pour les enfants ukrainiens r\u00e9fugi\u00e9s \u00e0 Marseille.<\/li>\n<\/ul>\n<p>G\u00e9n\u00e9reuse et solidaire, la Provence montre une nouvelle fois le visage d\u2019une soci\u00e9t\u00e9 civile engag\u00e9e sur ses valeurs humanitaires et de solidarit\u00e9. S\u2019agissant de l\u2019Ukraine dans le cas pr\u00e9sent il fallait r\u00e9pondre \u00e0 une double exigence, celle de l\u2019urgence et celle du don utile, deux cases qui ont \u00e9t\u00e9 coch\u00e9es.<\/p>\n<p><strong>Bertrand VALDEPENAS<\/strong><\/p>\n","protected":false},"excerpt":{"rendered":"Le 16 Ao\u00fbt prochain, c\u2019est un \u00e9trange v\u00e9hicule qui prendra la route au d\u00e9part de Marseille pour rejoindre&hellip;\n","protected":false},"author":2,"featured_media":319290,"comment_status":"","ping_status":"","sticky":false,"template":"","format":"standard","meta":{"footnotes":""},"categories":[2814],"tags":[1111,11,1777,674,1011,27,884,12,882,25],"class_list":{"0":"post-319289","1":"post","2":"type-post","3":"status-publish","4":"format-standard","5":"has-post-thumbnail","7":"category-marseille","8":"tag-actu","9":"tag-actualites","10":"tag-eu","11":"tag-europe","12":"tag-fr","13":"tag-france","14":"tag-marseille","15":"tag-news","16":"tag-provence-alpes-cote-dazur","17":"tag-republique-francaise"},"share_on_mastodon":{"url":"https:\/\/pubeurope.com\/@fr\/115028829472619601","error":""},"_links":{"self":[{"href":"https:\/\/www.europesays.com\/fr\/wp-json\/wp\/v2\/posts\/319289","targetHints":{"allow":["GET"]}}],"collection":[{"href":"https:\/\/www.europesays.com\/fr\/wp-json\/wp\/v2\/posts"}],"about":[{"href":"https:\/\/www.europesays.com\/fr\/wp-json\/wp\/v2\/types\/post"}],"author":[{"embeddable":true,"href":"https:\/\/www.europesays.com\/fr\/wp-json\/wp\/v2\/users\/2"}],"replies":[{"embeddable":true,"href":"https:\/\/www.europesays.com\/fr\/wp-json\/wp\/v2\/comments?post=319289"}],"version-history":[{"count":0,"href":"https:\/\/www.europesays.com\/fr\/wp-json\/wp\/v2\/posts\/319289\/revisions"}],"wp:featuredmedia":[{"embeddable":true,"href":"https:\/\/www.europesays.com\/fr\/wp-json\/wp\/v2\/media\/319290"}],"wp:attachment":[{"href":"https:\/\/www.europesays.com\/fr\/wp-json\/wp\/v2\/media?parent=319289"}],"wp:term":[{"taxonomy":"category","embeddable":true,"href":"https:\/\/www.europesays.com\/fr\/wp-json\/wp\/v2\/categories?post=319289"},{"taxonomy":"post_tag","embeddable":true,"href":"https:\/\/www.europesays.com\/fr\/wp-json\/wp\/v2\/tags?post=319289"}],"curies":[{"name":"wp","href":"https:\/\/api.w.org\/{rel}","templated":true}]}}