{"id":319291,"date":"2025-08-14T19:43:11","date_gmt":"2025-08-14T19:43:11","guid":{"rendered":"https:\/\/www.europesays.com\/fr\/319291\/"},"modified":"2025-08-14T19:43:11","modified_gmt":"2025-08-14T19:43:11","slug":"un-tir-de-mortier-devaste-lappartement-dune-nonagenaire","status":"publish","type":"post","link":"https:\/\/www.europesays.com\/fr\/319291\/","title":{"rendered":"un tir de mortier d\u00e9vaste l&rsquo;appartement d&rsquo;une nonag\u00e9naire"},"content":{"rendered":"<p>            lire plus tard<\/p>\n<p id=\"dialog__title\" class=\"dialog__title\">Pour sauvegarder cet article, connectez-vous ou cr\u00e9ez un compte franceinfo<\/p>\n<p class=\"dialog__description\">Sans paiement. Sans abonnement.<\/p>\n<p>        Fermer la fen\u00eatre d\u2019activation des notifications France Info<\/p>\n<p>            cr\u00e9er votre compte<\/p>\n<p>            se connecter<\/p>\n<p>        Fermer la fen\u00eatre de pr\u00e9sentation<\/p>\n<p>    Publi\u00e9 le 14\/08\/2025 21:19<\/p>\n<p>      Mis \u00e0 jour le 14\/08\/2025 21:20<\/p>\n<p>        Temps de lecture : 2min &#8211; vid\u00e9o : 2min<\/p>\n<p>    <img decoding=\"async\" class=\"francetv-player-wrapper__image\" alt=\"Marseille : un tir de mortier d\u00e9vaste l'appartement d'une nonag\u00e9naire\"  width=\"432\" height=\"243\" src=\"https:\/\/www.europesays.com\/fr\/wp-content\/uploads\/2025\/08\/marseille-un-tir-de-mortier-devaste-l-appartement-d-une-nonagenaire-689e36dace989874571584.jpg\" fetchpriority=\"high\"\/><\/p>\n<p>              Marseille : un tir de mortier d\u00e9vaste l&rsquo;appartement d&rsquo;une nonag\u00e9naire<br \/>\n                    (France 2)<\/p>\n<p>      2min<\/p>\n<p class=\"c-chapo \">\n  \u00c0 Marseille, l&rsquo;appartement d&rsquo;une femme de 92 ans a \u00e9t\u00e9 souffl\u00e9 par ce qui pourrait \u00eatre un tir de mortier d&rsquo;artifice. Les faits se sont d\u00e9roul\u00e9s mercredi 13 ao\u00fbt. La retrait\u00e9e n&rsquo;a pas \u00e9t\u00e9 bless\u00e9e, mais sous le choc, elle a \u00e9t\u00e9 hospitalis\u00e9e.\n<\/p>\n<p><strong>Ce texte correspond \u00e0 une partie de la retranscription du reportage ci-dessus. Cliquez sur la vid\u00e9o pour le regarder en int\u00e9gralit\u00e9.<\/strong><\/p>\n<p>Le <a rel=\"noopener noreferrer nofollow\" href=\"https:\/\/www.franceinfo.fr\/marseille\/ma-maman-aurait-pu-ne-plus-etre-de-ce-monde-a-marseille-un-tir-de-mortier-detruit-l-appartement-d-une-femme-de-92-ans_7435174.html\" target=\"_blank\">salon a \u00e9t\u00e9 souffl\u00e9 par l&rsquo;explosion<\/a>. Au sol, de la vaisselle bris\u00e9e et, au milieu de tous ces d\u00e9bris, le fils de l&rsquo;allocataire. \u00ab\u00a0Voil\u00e0 l&rsquo;ampleur des d\u00e9g\u00e2ts, il y en a partout. Il y a tout qui a saut\u00e9, il y a tout qui est cass\u00e9. Elle se trouvait juste derri\u00e8re\u00a0\u00bb, t\u00e9moigne Richard, d\u00e9contenanc\u00e9 de la situation.<\/p>\n<p>Mercredi 13 ao\u00fbt, vers 6 heures du matin, un projectile qui pourrait \u00eatre un mortier d&rsquo;artifice a atterri sur son balcon. La victime, \u00e2g\u00e9e de 92 ans, se trouvait dans le salon \u00e0 quelques m\u00e8tres. \u00ab\u00a0L\u00e0, on s&rsquo;aper\u00e7oit de l&rsquo;ampleur des d\u00e9g\u00e2ts et de ce qu&rsquo;elle a pu ressentir dans son corps. Parce que je vous dis, j&rsquo;habite \u00e0 un kilom\u00e8tre, j&rsquo;ai entendu la d\u00e9tonation\u00a0\u00bb, raconte-t-il. Marcelle est indemne, mais profond\u00e9ment choqu\u00e9, comme son autre fils. Il n&rsquo;a pas la force d&rsquo;entrer dans l&rsquo;appartement, dans ce quartier r\u00e9sidentiel au sud de <a rel=\"noopener noreferrer nofollow\" href=\"https:\/\/www.franceinfo.fr\/marseille\/\" target=\"_blank\">Marseille<\/a> : \u00ab\u00a0\u00c7a fait peur, ma maman peut \u00eatre ne serait plus de ce monde\u00a0\u00bb.<\/p>\n<p>De nombreux habitants ont entendu la d\u00e9tonation. \u00ab\u00a0Une \u00e9norme explosion suivie de grosses fum\u00e9es. Au d\u00e9but, on a pens\u00e9 plus \u00e0 du gaz, mais c&rsquo;est vrai qu&rsquo;il y a souvent des p\u00e9tards, des choses comme \u00e7a dans le quartier\u00a0\u00bb, relate une riveraine. Ici, la plupart des personnes rencontr\u00e9es d\u00e9crivent un quartier plut\u00f4t tranquille.<\/p>\n<p>Ce matin, des experts sont intervenus pour effectuer les premi\u00e8res constatations. Une enqu\u00eate a \u00e9t\u00e9 ouverte par le parquet de Marseille pour d\u00e9terminer l&rsquo;origine de l&rsquo;explosion.<\/p>\n<p class=\"related-tags__title\" role=\"heading\" aria-level=\"2\">les mots-cl\u00e9s associ\u00e9s \u00e0 cet article\n    <\/p>\n","protected":false},"excerpt":{"rendered":"lire plus tard Pour sauvegarder cet article, connectez-vous ou cr\u00e9ez un compte franceinfo Sans paiement. Sans abonnement. Fermer&hellip;\n","protected":false},"author":2,"featured_media":319292,"comment_status":"","ping_status":"","sticky":false,"template":"","format":"standard","meta":{"footnotes":""},"categories":[2814],"tags":[1111,11,1777,674,1011,27,884,12,882,25],"class_list":{"0":"post-319291","1":"post","2":"type-post","3":"status-publish","4":"format-standard","5":"has-post-thumbnail","7":"category-marseille","8":"tag-actu","9":"tag-actualites","10":"tag-eu","11":"tag-europe","12":"tag-fr","13":"tag-france","14":"tag-marseille","15":"tag-news","16":"tag-provence-alpes-cote-dazur","17":"tag-republique-francaise"},"share_on_mastodon":{"url":"https:\/\/pubeurope.com\/@fr\/115028833380143443","error":""},"_links":{"self":[{"href":"https:\/\/www.europesays.com\/fr\/wp-json\/wp\/v2\/posts\/319291","targetHints":{"allow":["GET"]}}],"collection":[{"href":"https:\/\/www.europesays.com\/fr\/wp-json\/wp\/v2\/posts"}],"about":[{"href":"https:\/\/www.europesays.com\/fr\/wp-json\/wp\/v2\/types\/post"}],"author":[{"embeddable":true,"href":"https:\/\/www.europesays.com\/fr\/wp-json\/wp\/v2\/users\/2"}],"replies":[{"embeddable":true,"href":"https:\/\/www.europesays.com\/fr\/wp-json\/wp\/v2\/comments?post=319291"}],"version-history":[{"count":0,"href":"https:\/\/www.europesays.com\/fr\/wp-json\/wp\/v2\/posts\/319291\/revisions"}],"wp:featuredmedia":[{"embeddable":true,"href":"https:\/\/www.europesays.com\/fr\/wp-json\/wp\/v2\/media\/319292"}],"wp:attachment":[{"href":"https:\/\/www.europesays.com\/fr\/wp-json\/wp\/v2\/media?parent=319291"}],"wp:term":[{"taxonomy":"category","embeddable":true,"href":"https:\/\/www.europesays.com\/fr\/wp-json\/wp\/v2\/categories?post=319291"},{"taxonomy":"post_tag","embeddable":true,"href":"https:\/\/www.europesays.com\/fr\/wp-json\/wp\/v2\/tags?post=319291"}],"curies":[{"name":"wp","href":"https:\/\/api.w.org\/{rel}","templated":true}]}}