{"id":319294,"date":"2025-08-14T19:45:15","date_gmt":"2025-08-14T19:45:15","guid":{"rendered":"https:\/\/www.europesays.com\/fr\/319294\/"},"modified":"2025-08-14T19:45:15","modified_gmt":"2025-08-14T19:45:15","slug":"fin-de-lhistoire-entre-lyon-et-le-serbe-nemanja-matic","status":"publish","type":"post","link":"https:\/\/www.europesays.com\/fr\/319294\/","title":{"rendered":"fin de l\u2019histoire entre Lyon et le Serbe Nemanja Matic"},"content":{"rendered":"<p>Alors que son contrat durait jusqu\u2019en juin 2026, le milieu de terrain a trouv\u00e9 un accord pour quitter le club rhodanien d\u00e8s maintenant.<\/p>\n<p class=\"fig-paragraph\">Lyon a annonc\u00e9 avoir trouv\u00e9 un accord \u00ab\u00e0 l&rsquo;amiable\u00bb avec son milieu international serbe, Nemanja Matic, pour une r\u00e9siliation anticip\u00e9e de son contrat qui courait jusqu&rsquo;au 30 juin 2026. Le joueur ne s&rsquo;\u00e9tait pas entra\u00een\u00e9 jeudi matin et le club rhodanien se soulage de l&rsquo;un des plus gros salaires de son effectif, dans le cadre de son op\u00e9ration visant \u00e0 r\u00e9duire fortement sa masse salariale.<\/p>\n<p class=\"fig-paragraph\">\u00c2g\u00e9 de 37 ans, Nemanja Matic \u00e9tait arriv\u00e9 en janvier 2024 en provenance de Rennes. Il avait grandement particip\u00e9 au redressement de l&rsquo;OL, dernier de la Ligue 1 \u00e0 la tr\u00eave hivernale du championnat 2023-2024 avant de se classer 6e, de se qualifier pour la Ligue Europa puis de disputer la finale de la coupe de France, perdue 2-1 face \u00e0 Paris Saint-Germain. Il a disput\u00e9 en tout 58 matches avec Lyon.<\/p>\n<p>                                    <a class=\"fig-a11y-skip a11y-hidden\" href=\"#fig-a11y-skip-main-inarticle\"><br \/>\n        Passer la publicit\u00e9<br \/>\n    <\/a><\/p>\n<p class=\"fig-paragraph\">Apr\u00e8s avoir d\u00e9but\u00e9 en professionnel \u00e0 Lazarevac en Serbie, Nemanja Matic a jou\u00e9 \u00e0 Kosice (Slovaquie), Chelsea, Vitesse Arnhem (Pays-Bas), Benfica Lisbonne, Manchester United et \u00e0 l&rsquo;AS Rome avant de venir en France. Il compte 48 s\u00e9lections en \u00e9quipe de Serbie entre 2008 et 2020.<\/p>\n","protected":false},"excerpt":{"rendered":"Alors que son contrat durait jusqu\u2019en juin 2026, le milieu de terrain a trouv\u00e9 un accord pour quitter&hellip;\n","protected":false},"author":2,"featured_media":319295,"comment_status":"","ping_status":"","sticky":false,"template":"","format":"standard","meta":{"footnotes":""},"categories":[1889],"tags":[1111,11,2430,1777,674,1011,27,2428,12,978,25],"class_list":{"0":"post-319294","1":"post","2":"type-post","3":"status-publish","4":"format-standard","5":"has-post-thumbnail","7":"category-lyon","8":"tag-actu","9":"tag-actualites","10":"tag-auvergne-rhone-alpes","11":"tag-eu","12":"tag-europe","13":"tag-fr","14":"tag-france","15":"tag-lyon","16":"tag-news","17":"tag-olympique-lyonnais","18":"tag-republique-francaise"},"share_on_mastodon":{"url":"https:\/\/pubeurope.com\/@fr\/115028841133051948","error":""},"_links":{"self":[{"href":"https:\/\/www.europesays.com\/fr\/wp-json\/wp\/v2\/posts\/319294","targetHints":{"allow":["GET"]}}],"collection":[{"href":"https:\/\/www.europesays.com\/fr\/wp-json\/wp\/v2\/posts"}],"about":[{"href":"https:\/\/www.europesays.com\/fr\/wp-json\/wp\/v2\/types\/post"}],"author":[{"embeddable":true,"href":"https:\/\/www.europesays.com\/fr\/wp-json\/wp\/v2\/users\/2"}],"replies":[{"embeddable":true,"href":"https:\/\/www.europesays.com\/fr\/wp-json\/wp\/v2\/comments?post=319294"}],"version-history":[{"count":0,"href":"https:\/\/www.europesays.com\/fr\/wp-json\/wp\/v2\/posts\/319294\/revisions"}],"wp:featuredmedia":[{"embeddable":true,"href":"https:\/\/www.europesays.com\/fr\/wp-json\/wp\/v2\/media\/319295"}],"wp:attachment":[{"href":"https:\/\/www.europesays.com\/fr\/wp-json\/wp\/v2\/media?parent=319294"}],"wp:term":[{"taxonomy":"category","embeddable":true,"href":"https:\/\/www.europesays.com\/fr\/wp-json\/wp\/v2\/categories?post=319294"},{"taxonomy":"post_tag","embeddable":true,"href":"https:\/\/www.europesays.com\/fr\/wp-json\/wp\/v2\/tags?post=319294"}],"curies":[{"name":"wp","href":"https:\/\/api.w.org\/{rel}","templated":true}]}}