{"id":319298,"date":"2025-08-14T19:48:15","date_gmt":"2025-08-14T19:48:15","guid":{"rendered":"https:\/\/www.europesays.com\/fr\/319298\/"},"modified":"2025-08-14T19:48:15","modified_gmt":"2025-08-14T19:48:15","slug":"une-illustratrice-denonce-le-vol-de-son-travail-par-des-plateformes-de-vente-en-ligne","status":"publish","type":"post","link":"https:\/\/www.europesays.com\/fr\/319298\/","title":{"rendered":"une illustratrice d\u00e9nonce le vol de son travail par des plateformes de vente en ligne"},"content":{"rendered":"<p class=\"article__intro\">Depuis des mois, Nolwenn Denis, une illustratrice install\u00e9e \u00e0 Bordeaux, constate un vol de ses dessins, revendus sur des plateformes de vente en ligne comme Shein, Temu ou m\u00eame Amazon. Elle d\u00e9nonce une \u00ab\u00a0injustice\u00a0\u00bb, alors que ces g\u00e9ants du commerce ne respectent pas les droits d&rsquo;auteur.<\/p>\n<p>\n      La Quotidienne Soci\u00e9t\u00e9\n    <\/p>\n<p>\n      De la vie quotidienne aux grands enjeux, recevez tous les jours les sujets qui font la soci\u00e9t\u00e9 locale, comme la justice, l\u2019\u00e9ducation, la sant\u00e9 et la famille.\n    <\/p>\n<p>    France T\u00e9l\u00e9visions utilise votre adresse e-mail afin de vous envoyer la newsletter \u00ab\u00a0La Quotidienne Soci\u00e9t\u00e9\u00a0\u00bb. Vous pouvez vous d\u00e9sinscrire \u00e0 tout moment via le lien en bas de cette newsletter. <a target=\"_blank\" href=\"https:\/\/www.francetelevisions.fr\/groupe\/confidentialite\/politique-de-confidentialite\/politique-de-confidentialite-de-france-televisions-6503\" rel=\"nofollow noopener\">Notre politique de confidentialit\u00e9<\/a><\/p>\n<p>\u00ab\u00a0Je n&rsquo;imaginais pas l&rsquo;ampleur que \u00e7a prendrait. C&rsquo;est \u00e9c\u0153urant.\u00a0\u00bb Il y a 2 ans, l&rsquo;illustratrice Nolwenn Denis, install\u00e9e \u00e0 Bordeaux, est alert\u00e9e sur Instagram par l&rsquo;une de ses abonn\u00e9es en Indon\u00e9sie : une plateforme de commerce en ligne locale propose \u00e0 la vente l&rsquo;une de ses illustrations, sans en avoir achet\u00e9 la licence.<\/p>\n<p>\u00c0 l&rsquo;\u00e9poque, l&rsquo;artiste ne se formalise pas. \u00ab\u00a0Ce n&rsquo;\u00e9tait qu&rsquo;une seule illustration, et puis l&rsquo;Indon\u00e9sie, ce n&rsquo;est pas mon march\u00e9. En plus, mon abonn\u00e9e est avocate et m&rsquo;avait dit qu&rsquo;il n&rsquo;y avait pas grand-chose que je pouvais faire. Mais je n&rsquo;imaginais pas la suite.\u00a0\u00bb<\/p>\n<p><a data-article-figure=\"\" href=\"https:\/\/france3-regions.franceinfo.fr\/image\/Sv_76smlarKPqcjgV2QdHEUo5Iw\/2258x2073\/regions\/2025\/08\/14\/illu1-689de70765a4b569575980.jpg\" data-pswp-width=\"2258\" data-pswp-height=\"2073\" target=\"_blank\" rel=\"nofollow noopener\"><\/p>\n<p>          <img width=\"600\" height=\"400\" class=\"article-image lazy\" data-src=\"https:\/\/www.europesays.com\/fr\/wp-content\/uploads\/2025\/08\/illu1-689de70765a4b569575980.jpg\" alt=\"Des illustrations comme celle-ci peuvent se retrouver ill\u00e9galement sur des plateformes de vente en ligne.\" fetchpriority=\"high\" as=\"image\"\/><\/p>\n<p>\n            Des illustrations comme celle-ci peuvent se retrouver ill\u00e9galement sur des plateformes de vente en ligne.<br \/>\n                           \u2022<br \/>\n                                      \u00a9 Nolwenn Denis\n                      <\/p>\n<p><\/a><\/p>\n<p>Car depuis quelques mois, c&rsquo;est sur des g\u00e9ants du commerce en ligne, comme Shein, Temu, AliExpress ou m\u00eame Amazon, que Nolwenn Denis constate que ses dessins sont revendus, sans son accord, et surtout \u00e0 des prix d\u00e9risoires. Alors qu&rsquo;elle met en vente ses affiches entre 20 et 120 euros, selon le format, l&rsquo;illustratrice les retrouve \u00e0 moins de 5 euros sur ces plateformes. \u00ab\u00a0Que ce soit vendu \u00e0 ce prix-l\u00e0, c&rsquo;est improbable&#8230;\u00a0\u00bb<\/p>\n<blockquote class=\"ftvi_content_quote\">\n<p class=\"ftvi_citation_quote\">Une fois, j&rsquo;ai m\u00eame vu des affiches vendues \u00e0 90 centimes, parce qu&rsquo;il y avait une promotion ! Et c&rsquo;\u00e9tait en rupture de stock, donc c&rsquo;est que \u00e7a marchait bien.<\/p>\n<p>Nolwenn Denis<\/p>\n<p class=\"ftvi_citation_source\">Illustratrice<\/p>\n<\/blockquote>\n<p>Un vol pur et simple de son art, qui indigne celle qui en a fait son activit\u00e9 principale il y a bient\u00f4t 5 ans. \u00ab\u00a0Il y a beaucoup de col\u00e8re, et un sentiment d&rsquo;injustice aussi. Les revendeurs savent que la d\u00e9co, \u00e7a fonctionne bien, alors ils viennent sur mon contenu et se servent, fustige-t-elle. Ils n&rsquo;ont qu&rsquo;\u00e0 faire clic droit, alors que normalement, il faudrait payer une licence.\u00a0\u00bb Et comme les images sont vol\u00e9es, la qualit\u00e9 s&rsquo;en ressent aussi pour les clients.<\/p>\n<blockquote class=\"ftvi_content_quote\">\n<p class=\"ftvi_citation_quote\">Il en va aussi de la r\u00e9putation de mon travail. Sur ces plateformes, les affiches sont mal imprim\u00e9es. \u00c7a m&rsquo;\u00e9c\u0153ure de voir mon travail maltrait\u00e9 comme \u00e7a.<\/p>\n<p>Nolwenn Denis<\/p>\n<p class=\"ftvi_citation_source\">Illustratrice<\/p>\n<\/blockquote>\n<p><a data-article-figure=\"\" href=\"https:\/\/france3-regions.franceinfo.fr\/image\/kRrLDXRU0elWemXRX3P7J26jFtg\/4284x5712\/regions\/2025\/08\/14\/photo-21-05-2025-17-30-17-689de7472bd23011288766.jpg\" data-pswp-width=\"4284\" data-pswp-height=\"5712\" target=\"_blank\" rel=\"nofollow noopener\"><\/p>\n<p>          <img width=\"600\" height=\"400\" class=\"article-image lazy\" data-src=\"https:\/\/www.europesays.com\/fr\/wp-content\/uploads\/2025\/08\/photo-21-05-2025-17-30-17-689de7472bd23011288766.jpg\" alt=\"Nolwenn Denis s'inqui\u00e8te de voir son travail d'illustratrice bafou\u00e9.\" fetchpriority=\"high\" as=\"image\"\/><\/p>\n<p>\n            Nolwenn Denis s&rsquo;inqui\u00e8te de voir son travail d&rsquo;illustratrice bafou\u00e9.<br \/>\n                           \u2022<br \/>\n                                      \u00a9 Nolwenn Denis\n                      <\/p>\n<p><\/a><\/p>\n<p>Au d\u00e9part, Nolwenn Denis a bien tent\u00e9 de pr\u00e9server ses \u0153uvres du vol. \u00ab\u00a0Quand je me suis aper\u00e7ue des premiers abus, j&rsquo;ai mis un filigrane. Alors que quand j&rsquo;ai commenc\u00e9, je n&rsquo;y pensais pas.\u00a0\u00bb Mais cela n&rsquo;arr\u00eate pas les revendeurs frauduleux, qui utilisent Photoshop pour retirer le filigrane, ou mettent en vente les illustrations sans le retirer. \u00ab\u00a0Il n&rsquo;y a pas de solutions, souffle l&rsquo;artiste bordelaise. Mais Instagram est ma vitrine, je ne vais pas m&rsquo;arr\u00eater de poster !\u00a0\u00bb<\/p>\n<p>Face \u00e0 la quantit\u00e9 d&rsquo;illustrations vol\u00e9es et propos\u00e9es sur les plateformes, l&rsquo;illustratrice se retrouve un peu d\u00e9munie. \u00ab\u00a0Il y en a tellement sur une m\u00eame plateforme, avec plusieurs revendeurs \u00e0 chaque fois. Je ne peux pas tous les d\u00e9noncer \u00e0 moi toute seule, c&rsquo;est trop \u00e9nergivore, \u00e7a me prendrait des semaines.\u00a0\u00bb<\/p>\n<blockquote class=\"ftvi_content_quote\">\n<p class=\"ftvi_citation_quote\">C&rsquo;est tentaculaire. Si on signale une boutique, le revendeur peut recr\u00e9er une autre boutique le lendemain&#8230; c&rsquo;est sans fin.<\/p>\n<p>Nolwenn Denis<\/p>\n<p class=\"ftvi_citation_source\">Illustratrice<\/p>\n<\/blockquote>\n<p>Pour alerter sur le ph\u00e9nom\u00e8ne, Nolwenn Denis passe alors par ses r\u00e9seaux sociaux. Le 30 juillet, elle publie un post Instagram o\u00f9 elle documente les vols de ses images, \u00ab\u00a0pour sensibiliser\u00a0\u00bb. Dans la foul\u00e9e, l&rsquo;illustratrice confie avoir re\u00e7u \u00ab\u00a0\u00e9norm\u00e9ment de soutien, beaucoup de messages de gens qui sont conscients du d\u00e9sastre que repr\u00e9sentent ces plateformes\u00a0\u00bb. Certains ont m\u00eame pass\u00e9 commande dans la foul\u00e9e, afin de soutenir son travail.<\/p>\n<p>D&rsquo;autres ont r\u00e9agi \u00e0 l&rsquo;inverse. \u00ab\u00a0J&rsquo;ai aussi re\u00e7u le message d&rsquo;une jeune fille qui m&rsquo;expliquait qu&rsquo;elle n&rsquo;a pas les moyens d&rsquo;acheter une illustration \u00e0 20\u20ac, relate Nolwenn Denis. Comme elle veut tout de m\u00eame faire sa d\u00e9co, elle choisit celle \u00e0 3\u20ac. Sur le c\u00f4t\u00e9 humain, je peux comprendre, mais sur le c\u00f4t\u00e9 business, non.\u00a0\u00bb Car l&rsquo;illustratrice ne touche \u00e9videmment aucun revenu de la part des plateformes et leurs revendeurs frauduleux.<\/p>\n<blockquote class=\"ftvi_content_quote\">\n<p class=\"ftvi_citation_quote\">Tout travail m\u00e9rite salaire. Si on cautionne \u00e7a \u00e0 chaque fois, \u00e7a n&rsquo;aide pas les artistes, ni les gens qui veulent se lancer.<\/p>\n<p>Nolwenn Denis<\/p>\n<p class=\"ftvi_citation_source\">Illustratrice<\/p>\n<\/blockquote>\n<p>Et le probl\u00e8me de Nolwenn Denis n&rsquo;est pas un cas isol\u00e9. \u00ab\u00a0\u00c7a touche aussi plein d&rsquo;autres artistes que je connais, dans l&rsquo;art, la mode&#8230;\u00a0\u00bb t\u00e9moigne l&rsquo;illustratrice de 36 ans. Et si son activit\u00e9 \u00e0 elle marche bien, et supporte pour l&rsquo;heure la concurrence des plateformes, ce n&rsquo;est pas le cas de tous. \u00ab\u00a0Beaucoup d&rsquo;artistes h\u00e9sitent \u00e0 continuer de publier leurs cr\u00e9ations. J&rsquo;ai aussi des retours d&rsquo;artistes qui se lancent et qui ont peur de publier sur les r\u00e9seaux&#8230; c&rsquo;est dommage de briser des r\u00eaves comme \u00e7a.\u00a0\u00bb<\/p>\n<p><a data-article-figure=\"\" href=\"https:\/\/france3-regions.franceinfo.fr\/image\/RQkAjrzQ3qO6CMIjPXcBAvR-LHs\/3024x4032\/regions\/2025\/08\/14\/photo-21-01-2025-10-14-16-689de82bc4c36082128583.jpg\" data-pswp-width=\"3024\" data-pswp-height=\"4032\" target=\"_blank\" rel=\"nofollow noopener\"><\/p>\n<p>          <img width=\"600\" height=\"400\" class=\"article-image lazy\" data-src=\"https:\/\/www.europesays.com\/fr\/wp-content\/uploads\/2025\/08\/photo-21-01-2025-10-14-16-689de82bc4c36082128583.jpg\" alt=\"Pour l'illustratrice, avec les plateformes de vente en ligne, &quot;l'art est devenu de la fast-fashion&quot;.\" fetchpriority=\"high\" as=\"image\"\/><\/p>\n<p>\n            Pour l&rsquo;illustratrice, avec les plateformes de vente en ligne, \u00ab\u00a0l&rsquo;art est devenu de la fast-fashion\u00a0\u00bb.<br \/>\n                           \u2022<br \/>\n                                      \u00a9 Nolwenn Denis\n                      <\/p>\n<p><\/a><\/p>\n<p>Pour autant, l&rsquo;illustratrice bordelaise ne veut pas se d\u00e9courager, ni se laisser faire. \u00ab\u00a0Je ne compte pas laisser \u00e7a comme \u00e7a. \u00c0 la rentr\u00e9e, je vais voir avec un avocat en propri\u00e9t\u00e9 intellectuelle ce qui est possible de faire.\u00a0\u00bb Comme les plateformes de commerce en ligne sont h\u00e9berg\u00e9es dans d&rsquo;autres pays &#8211; principalement en Chine -, la loi fran\u00e7aise ne s&rsquo;y applique pas. \u00ab\u00a0Il faudrait peut-\u00eatre une loi en France, pour prot\u00e9ger l&rsquo;art aussi au niveau mondial&#8230;\u00a0\u00bb<\/p>\n","protected":false},"excerpt":{"rendered":"Depuis des mois, Nolwenn Denis, une illustratrice install\u00e9e \u00e0 Bordeaux, constate un vol de ses dessins, revendus sur&hellip;\n","protected":false},"author":2,"featured_media":319299,"comment_status":"","ping_status":"","sticky":false,"template":"","format":"standard","meta":{"footnotes":""},"categories":[1888],"tags":[1111,1928,11,1927,1777,674,1011,27,12,1926,626,1925,25],"class_list":{"0":"post-319298","1":"post","2":"type-post","3":"status-publish","4":"format-standard","5":"has-post-thumbnail","7":"category-paris","8":"tag-actu","9":"tag-actu-paris","10":"tag-actualites","11":"tag-actualites-paris","12":"tag-eu","13":"tag-europe","14":"tag-fr","15":"tag-france","16":"tag-news","17":"tag-news-paris","18":"tag-paris","19":"tag-paris-news","20":"tag-republique-francaise"},"share_on_mastodon":{"url":"https:\/\/pubeurope.com\/@fr\/115028853016371620","error":""},"_links":{"self":[{"href":"https:\/\/www.europesays.com\/fr\/wp-json\/wp\/v2\/posts\/319298","targetHints":{"allow":["GET"]}}],"collection":[{"href":"https:\/\/www.europesays.com\/fr\/wp-json\/wp\/v2\/posts"}],"about":[{"href":"https:\/\/www.europesays.com\/fr\/wp-json\/wp\/v2\/types\/post"}],"author":[{"embeddable":true,"href":"https:\/\/www.europesays.com\/fr\/wp-json\/wp\/v2\/users\/2"}],"replies":[{"embeddable":true,"href":"https:\/\/www.europesays.com\/fr\/wp-json\/wp\/v2\/comments?post=319298"}],"version-history":[{"count":0,"href":"https:\/\/www.europesays.com\/fr\/wp-json\/wp\/v2\/posts\/319298\/revisions"}],"wp:featuredmedia":[{"embeddable":true,"href":"https:\/\/www.europesays.com\/fr\/wp-json\/wp\/v2\/media\/319299"}],"wp:attachment":[{"href":"https:\/\/www.europesays.com\/fr\/wp-json\/wp\/v2\/media?parent=319298"}],"wp:term":[{"taxonomy":"category","embeddable":true,"href":"https:\/\/www.europesays.com\/fr\/wp-json\/wp\/v2\/categories?post=319298"},{"taxonomy":"post_tag","embeddable":true,"href":"https:\/\/www.europesays.com\/fr\/wp-json\/wp\/v2\/tags?post=319298"}],"curies":[{"name":"wp","href":"https:\/\/api.w.org\/{rel}","templated":true}]}}