{"id":319300,"date":"2025-08-14T19:49:10","date_gmt":"2025-08-14T19:49:10","guid":{"rendered":"https:\/\/www.europesays.com\/fr\/319300\/"},"modified":"2025-08-14T19:49:10","modified_gmt":"2025-08-14T19:49:10","slug":"soirees-etudiantes-a-paris-agenda-le-parisien-etudiant","status":"publish","type":"post","link":"https:\/\/www.europesays.com\/fr\/319300\/","title":{"rendered":"Soir\u00e9es \u00e9tudiantes \u00e0 Paris &#8211; Agenda Le Parisien Etudiant"},"content":{"rendered":"<p class=\"lp-mt-03 generic-description__text lp-f-ui-04 lp-color-text-muted\">L&rsquo;agenda des soir\u00e9es \u00e9tudiantes \u00e0 Paris, soir\u00e9es BDE, soir\u00e9e d&rsquo;\u00e9cole, soir\u00e9e d&rsquo;universit\u00e9, soir\u00e9e pour \u00e9tudiant ou \u00e9tudiante, galas de fin d&rsquo;ann\u00e9e, soir\u00e9es arros\u00e9es mais pas trop ! Que vous cherchiez une soir\u00e9e anim\u00e9e ou plus chill, notre agenda propose des \u00e9v\u00e9nements pour tous les go\u00fbts. Consultez notre s\u00e9lection et profitez de la vie \u00e9tudiante parisienne.<\/p>\n","protected":false},"excerpt":{"rendered":"L&rsquo;agenda des soir\u00e9es \u00e9tudiantes \u00e0 Paris, soir\u00e9es BDE, soir\u00e9e d&rsquo;\u00e9cole, soir\u00e9e d&rsquo;universit\u00e9, soir\u00e9e pour \u00e9tudiant ou \u00e9tudiante, galas&hellip;\n","protected":false},"author":2,"featured_media":288638,"comment_status":"","ping_status":"","sticky":false,"template":"","format":"standard","meta":{"footnotes":""},"categories":[1888],"tags":[1111,1928,11,1927,1777,674,1011,27,12,1926,626,1925,25],"class_list":{"0":"post-319300","1":"post","2":"type-post","3":"status-publish","4":"format-standard","5":"has-post-thumbnail","7":"category-paris","8":"tag-actu","9":"tag-actu-paris","10":"tag-actualites","11":"tag-actualites-paris","12":"tag-eu","13":"tag-europe","14":"tag-fr","15":"tag-france","16":"tag-news","17":"tag-news-paris","18":"tag-paris","19":"tag-paris-news","20":"tag-republique-francaise"},"share_on_mastodon":{"url":"https:\/\/pubeurope.com\/@fr\/115028857055046501","error":""},"_links":{"self":[{"href":"https:\/\/www.europesays.com\/fr\/wp-json\/wp\/v2\/posts\/319300","targetHints":{"allow":["GET"]}}],"collection":[{"href":"https:\/\/www.europesays.com\/fr\/wp-json\/wp\/v2\/posts"}],"about":[{"href":"https:\/\/www.europesays.com\/fr\/wp-json\/wp\/v2\/types\/post"}],"author":[{"embeddable":true,"href":"https:\/\/www.europesays.com\/fr\/wp-json\/wp\/v2\/users\/2"}],"replies":[{"embeddable":true,"href":"https:\/\/www.europesays.com\/fr\/wp-json\/wp\/v2\/comments?post=319300"}],"version-history":[{"count":0,"href":"https:\/\/www.europesays.com\/fr\/wp-json\/wp\/v2\/posts\/319300\/revisions"}],"wp:featuredmedia":[{"embeddable":true,"href":"https:\/\/www.europesays.com\/fr\/wp-json\/wp\/v2\/media\/288638"}],"wp:attachment":[{"href":"https:\/\/www.europesays.com\/fr\/wp-json\/wp\/v2\/media?parent=319300"}],"wp:term":[{"taxonomy":"category","embeddable":true,"href":"https:\/\/www.europesays.com\/fr\/wp-json\/wp\/v2\/categories?post=319300"},{"taxonomy":"post_tag","embeddable":true,"href":"https:\/\/www.europesays.com\/fr\/wp-json\/wp\/v2\/tags?post=319300"}],"curies":[{"name":"wp","href":"https:\/\/api.w.org\/{rel}","templated":true}]}}