{"id":319305,"date":"2025-08-14T19:52:13","date_gmt":"2025-08-14T19:52:13","guid":{"rendered":"https:\/\/www.europesays.com\/fr\/319305\/"},"modified":"2025-08-14T19:52:13","modified_gmt":"2025-08-14T19:52:13","slug":"la-russie-et-israel-surveilles-par-lonu-liberation","status":"publish","type":"post","link":"https:\/\/www.europesays.com\/fr\/319305\/","title":{"rendered":"la Russie et Isra\u00ebl surveill\u00e9s par l\u2019ONU \u2013 Lib\u00e9ration"},"content":{"rendered":"<p class=\"sc-ksZaOG ehjQrN text-element\">Les Nations unies ont mis en garde, ce jeudi 14 ao\u00fbt, la Russie et Isra\u00ebl contre une possible inscription sur la liste des pays et organisations arm\u00e9es qui se sont rendus coupables de violences sexuelles en temps de guerre. <a href=\"https:\/\/documents.un.org\/symbol-explorer?s=S\/2025\/389&amp;_gl=1*8hqinq*_ga*MTc0MTgzNjk0Ni4xNzU1MTkzOTk3*_ga_TK9BQL5X7Z*czE3NTUxOTM5OTYkbzEkZzEkdDE3NTUxOTQzMDYkajYwJGwwJGgw*_ga_S5EKZKSB78*czE3NTUxOTM5OTYkbzEkZzEkdDE3NTUxOTQzMDckajU5JGwwJGgw\" target=\"_blank\" rel=\"noreferrer noopener\" title=\"https:\/\/documents.un.org\/symbol-explorer?s=S\/2025\/389&amp;_gl=1*8hqinq*_ga*MTc0MTgzNjk0Ni4xNzU1MTkzOTk3*_ga_TK9BQL5X7Z*czE3NTUxOTM5OTYkbzEkZzEkdDE3NTUxOTQzMDYkajYwJGwwJGgw*_ga_S5EKZKSB78*czE3NTUxOTM5OTYkbzEkZzEkdDE3NTUxOTQzMDckajU5JGwwJGgw\">Dans un rapport annuel<\/a> qui dresse une liste de 63 pays ou entit\u00e9s ayant eu recours aux viols ou \u00e0 toute autre forme de violences sexuelles dans des conflits arm\u00e9s, le secr\u00e9taire g\u00e9n\u00e9ral de l\u2019ONU, Antonio Guterres, annonce mettre ces deux pays sous surveillance.<\/p>\n<p class=\"sc-ksZaOG ehjQrN text-element\">\u00abCompte tenu des pr\u00e9occupations majeures que suscitent certaines formes de violence sexuelle r\u00e9guli\u00e8rement document\u00e9es par l\u2019ONU\u00bb, la Russie et Isra\u00ebl \u00abpourraient \u00eatre inscrits sur la liste qui figurera en annexe du prochain rapport\u00bb en 2026, \u00e9crit-il.<\/p>\n<p class=\"sc-ksZaOG ehjQrN text-element\">Concernant la Russie, le chef de l\u2019ONU \u00e9voque \u00abdes informations cr\u00e9dibles\u00bb sur des exactions \u00ab<a href=\"https:\/\/www.liberation.fr\/international\/guerre-en-ukraine-les-hommes-principales-victimes-des-violences-sexuelles-de-larmee-russe-20241031_QPUMJ6EHZRGWFJPYEENUDQ2BVI\/\" target=\"_blank\" rel=\"noreferrer noopener\" title=\"https:\/\/www.liberation.fr\/international\/guerre-en-ukraine-les-hommes-principales-victimes-des-violences-sexuelles-de-larmee-russe-20241031_QPUMJ6EHZRGWFJPYEENUDQ2BVI\/\">contre des prisonniers de guerre ukrainiens<\/a>, dans 50 lieux de d\u00e9tention officiels et 22 lieux de d\u00e9tention non officiels en Ukraine et dans la F\u00e9d\u00e9ration de Russie\u00bb. \u00abParmi ces violations figurent notamment de nombreux cas document\u00e9s de violences g\u00e9nitales, y compris des \u00e9lectrocutions, des coups et br\u00fblures sur les parties g\u00e9nitales ainsi que le recours \u00e0 la nudit\u00e9 forc\u00e9e et prolong\u00e9e, le but \u00e9tant d\u2019humilier les victimes et d\u2019obtenir des aveux ou des informations\u00bb, poursuit-il. Sollicit\u00e9e par l\u2019AFP, la Russie n\u2019a pas r\u00e9agi dans l\u2019imm\u00e9diat. <\/p>\n<p class=\"sc-ksZaOG ehjQrN text-element\">En Isra\u00ebl et dans les Territoires palestiniens, Antonio Guterres se dit \u00abgravement pr\u00e9occup\u00e9 par les informations cr\u00e9dibles faisant \u00e9tat de violations commises par les forces arm\u00e9es et <a href=\"https:\/\/www.liberation.fr\/international\/moyen-orient\/en-israel-lextreme-droite-au-secours-de-soldats-accuses-de-violences-sexuelles-sur-un-prisonnier-palestinien-20240730_NZWPS4WRQZHM5C7INVTT3DS73E\/\" target=\"_blank\" rel=\"noreferrer noopener\" title=\"https:\/\/www.liberation.fr\/international\/moyen-orient\/en-israel-lextreme-droite-au-secours-de-soldats-accuses-de-violences-sexuelles-sur-un-prisonnier-palestinien-20240730_NZWPS4WRQZHM5C7INVTT3DS73E\/\">les forces de s\u00e9curit\u00e9 isra\u00e9liennes contre des Palestiniens<\/a> dans plusieurs prisons, un centre de d\u00e9tention et une base militaire\u00bb. Les cas document\u00e9s par les Nations unies \u00e9voquent l\u00e0 encore \u00abdes violences g\u00e9nitales\u00bb et \u00able recours \u00e0 la nudit\u00e9 forc\u00e9e et prolong\u00e9e\u00bb, ainsi que \u00abdes fouilles \u00e0 nu r\u00e9p\u00e9t\u00e9es pr\u00e9sentant un caract\u00e8re abusif et d\u00e9gradant\u00bb.<\/p>\n<p class=\"sc-ksZaOG ehjQrN text-element\">Un avertissement qui a rapidement fait r\u00e9agir l\u2019ambassadeur d\u2019Isra\u00ebl \u00e0 l\u2019ONU, Danny Danon, qui exhorte l\u2019organisation internationale de \u00abse concentrer sur les crimes de guerre choquants et les violences sexuelles du Hamas ainsi que sur la lib\u00e9ration de tous les otages\u00bb. \u00abIsra\u00ebl ne se d\u00e9robera pas pour prot\u00e9ger ses citoyens et continuera d\u2019agir conform\u00e9ment au droit international\u00bb, a-t-il ajout\u00e9. <a href=\"https:\/\/www.liberation.fr\/international\/moyen-orient\/un-rapport-israelien-fait-etat-de-crimes-sexuels-generalises-et-systematiques-commis-par-le-hamas-20250709_MKHPWJCFCBFIRLTA573SLLPWXQ\/\" target=\"_blank\" rel=\"noreferrer noopener\" title=\"https:\/\/www.liberation.fr\/international\/moyen-orient\/un-rapport-israelien-fait-etat-de-crimes-sexuels-generalises-et-systematiques-commis-par-le-hamas-20250709_MKHPWJCFCBFIRLTA573SLLPWXQ\/\">Le mouvement islamiste palestinien a d\u00e9j\u00e0 fait l\u2019objet d\u2019un rapport<\/a> confirmant l\u2019usage de violences sexuelles, et a \u00e9t\u00e9 inscrit sur cette m\u00eame liste cette ann\u00e9e. Il est notamment accus\u00e9 d\u2019y avoir eu recours <a href=\"https:\/\/www.liberation.fr\/international\/moyen-orient\/israel-un-nouveau-rapport-fait-etat-de-violences-sexuelles-systematiques-le-7-octobre-20240222_SMBWBP4PEVAINLYCPM76MDMT3M\/\" target=\"_blank\" rel=\"noreferrer noopener\" title=\"https:\/\/www.liberation.fr\/international\/moyen-orient\/israel-un-nouveau-rapport-fait-etat-de-violences-sexuelles-systematiques-le-7-octobre-20240222_SMBWBP4PEVAINLYCPM76MDMT3M\/\">lors des massacres du 7 Octobre<\/a>.<\/p>\n<p class=\"sc-ksZaOG ehjQrN text-element\">Dans son rapport, l\u2019ONU d\u00e9plore \u00abune augmentation stup\u00e9fiante de 25 %\u00bb du recours aux violences sexuelles dans le monde \u00abcomme tactique de guerre, de torture, de terrorisme et de r\u00e9pression politique\u00bb. Les femmes continuent de constituer la tr\u00e8s grande majorit\u00e9, \u00e0 92 %, des victimes r\u00e9pertori\u00e9es.<\/p>\n","protected":false},"excerpt":{"rendered":"Les Nations unies ont mis en garde, ce jeudi 14 ao\u00fbt, la Russie et Isra\u00ebl contre une possible&hellip;\n","protected":false},"author":2,"featured_media":319306,"comment_status":"","ping_status":"","sticky":false,"template":"","format":"standard","meta":{"footnotes":""},"categories":[1591],"tags":[11,1887,3517,664,3523,12,1885,1886,132,297],"class_list":{"0":"post-319305","1":"post","2":"type-post","3":"status-publish","4":"format-standard","5":"has-post-thumbnail","7":"category-russie","8":"tag-actualites","9":"tag-federation-de-russie","10":"tag-gaza-l-escalade","11":"tag-israel","12":"tag-israel-palestine-conflit","13":"tag-news","14":"tag-russia","15":"tag-russian-federation","16":"tag-russie","17":"tag-ukraine-la-crise"},"share_on_mastodon":{"url":"https:\/\/pubeurope.com\/@fr\/115028868744505831","error":""},"_links":{"self":[{"href":"https:\/\/www.europesays.com\/fr\/wp-json\/wp\/v2\/posts\/319305","targetHints":{"allow":["GET"]}}],"collection":[{"href":"https:\/\/www.europesays.com\/fr\/wp-json\/wp\/v2\/posts"}],"about":[{"href":"https:\/\/www.europesays.com\/fr\/wp-json\/wp\/v2\/types\/post"}],"author":[{"embeddable":true,"href":"https:\/\/www.europesays.com\/fr\/wp-json\/wp\/v2\/users\/2"}],"replies":[{"embeddable":true,"href":"https:\/\/www.europesays.com\/fr\/wp-json\/wp\/v2\/comments?post=319305"}],"version-history":[{"count":0,"href":"https:\/\/www.europesays.com\/fr\/wp-json\/wp\/v2\/posts\/319305\/revisions"}],"wp:featuredmedia":[{"embeddable":true,"href":"https:\/\/www.europesays.com\/fr\/wp-json\/wp\/v2\/media\/319306"}],"wp:attachment":[{"href":"https:\/\/www.europesays.com\/fr\/wp-json\/wp\/v2\/media?parent=319305"}],"wp:term":[{"taxonomy":"category","embeddable":true,"href":"https:\/\/www.europesays.com\/fr\/wp-json\/wp\/v2\/categories?post=319305"},{"taxonomy":"post_tag","embeddable":true,"href":"https:\/\/www.europesays.com\/fr\/wp-json\/wp\/v2\/tags?post=319305"}],"curies":[{"name":"wp","href":"https:\/\/api.w.org\/{rel}","templated":true}]}}