{"id":319307,"date":"2025-08-14T19:53:10","date_gmt":"2025-08-14T19:53:10","guid":{"rendered":"https:\/\/www.europesays.com\/fr\/319307\/"},"modified":"2025-08-14T19:53:10","modified_gmt":"2025-08-14T19:53:10","slug":"viktor-kyrylov-de-lukraine-a-la-scene-francaise-un-recit-bouleversant-sur-la-guerre","status":"publish","type":"post","link":"https:\/\/www.europesays.com\/fr\/319307\/","title":{"rendered":"Viktor Kyrylov : de l\u2019Ukraine \u00e0 la sc\u00e8ne fran\u00e7aise, un r\u00e9cit bouleversant sur la guerre"},"content":{"rendered":"<p>Imaginez-vous \u00eatre Ukrainien, en Russie, lorsque la guerre se d\u00e9clare entre les deux pays en 2022\u2026 C\u2019est ce qu\u2019il est arriv\u00e9 \u00e0 Viktor Kyrylov, com\u00e9dien, qui raconte son histoire dans une pi\u00e8ce de th\u00e9\u00e2tre intitul\u00e9e \u00ab Maintenant je n\u2019\u00e9cris plus qu\u2019en fran\u00e7ais \u00bb, qui sera jou\u00e9e dans le cadre <a href=\"https:\/\/www.letelegramme.fr\/finistere\/penmarch-29760\/les-incontournables-de-la-sixieme-edition-des-treteaux-du-phare-a-penmarch-6859051.php\" target=\"_blank\" rel=\"nofollow noopener\">du festival des Tr\u00e9teaux du phare, \u00e0 Penmarc\u2019h<\/a>.<\/p>\n<p>Le natif d\u2019Odessa a int\u00e9gr\u00e9 la prestigieuse \u00e9cole moscovite du GITIS (Acad\u00e9mie russe des arts du th\u00e9\u00e2tre) \u00e0 seulement 17 ans, en 2019. Un r\u00eave devenu r\u00e9alit\u00e9. \u00ab Je me suis pr\u00e9par\u00e9 pendant deux ans au concours. J\u2019apprenais le nom des com\u00e9diens russes comme certains peuvent apprendre celui des footballeurs \u00bb, image-t-il. Mais, un beau jour, son r\u00eave a vir\u00e9 en cauchemar : le 24 f\u00e9vrier 2022, lorsque la Russie a attaqu\u00e9 l\u2019Ukraine. \u00ab La guerre, \u00e7a a \u00e9t\u00e9 un r\u00e9el bouleversement. Je me suis demand\u00e9 quelle \u00e9tait r\u00e9ellement ma place ? \u00bb Viktor Kyrylov ne pouvait plus vivre de la m\u00eame fa\u00e7on, au point de ne plus dormir la nuit. \u00ab Je m\u2019inqui\u00e9tais forc\u00e9ment pour mes proches \u00bb, livre-t-il. \u00c0 tel point que lui, qui s\u2019est toujours davantage senti Russe qu\u2019Ukrainien, venant d\u2019une r\u00e9gion tr\u00e8s marqu\u00e9e par la culture russe, a vu son c\u00f4t\u00e9 patriotique ukrainien prendre le dessus \u00ab pour la premi\u00e8re fois \u00bb. \u00ab Je voulais rentrer chez moi, faire la guerre, mais ma m\u00e8re et mes amis me l\u2019ont d\u00e9conseill\u00e9. Donc j\u2019ai fui la Russie, au bout du huiti\u00e8me jour du conflit. J\u2019ai aussi fui l\u2019Ukraine, jusqu\u2019\u00e0 arriver en France. \u00bb<\/p>\n<p>\u00ab Je voulais me r\u00e9concilier avec moi-m\u00eame \u00bb<\/p>\n<p>En arrivant dans l\u2019Hexagone, l\u2019Ukrainien ne parlait pas un mot de fran\u00e7ais. Aujourd\u2019hui, il le parle couramment. Et, pour poursuivre son r\u00eave de devenir com\u00e9dien, il a int\u00e9gr\u00e9 le conservatoire national sup\u00e9rieur d\u2019art dramatique, \u00e0 Paris, avant de poursuivre par une acad\u00e9mie de la com\u00e9die fran\u00e7aise. En fin d\u2019\u00e9tudes, \u00c9ric Ruf, administrateur g\u00e9n\u00e9ral, lui a alors conseill\u00e9 de partager son histoire, ce \u00e0 quoi il ne pensait pas, avant d\u2019accepter. Bien que l\u2019acceptation de son histoire ait \u00e9t\u00e9 difficile pour lui. \u00ab Je ne me sens pas l\u00e9gitime de parler de la guerre, de dire que je suis Ukrainien, car j\u2019ai d\u00e9cid\u00e9 de fuir \u00bb, annonce Viktor Kyrylov, en toute transparence.<\/p>\n<p>Il a finalement d\u00e9cid\u00e9 de monter son spectacle, un seul en sc\u00e8ne, jou\u00e9 depuis le mois d\u2019avril dernier. \u00ab Selon les premiers retours, mon histoire est bouleversante pour les spectateurs. Je voulais r\u00e9ellement partager mes enjeux, ce que j\u2019ai v\u00e9cu. Mais, aussi, me r\u00e9concilier avec moi-m\u00eame. \u00bb Ou quand le th\u00e9\u00e2tre permet l\u2019acceptation de soi\u2026<\/p>\n<p>Pratique<\/p>\n<p class=\"note\">\u00ab Maintenant je n\u2019\u00e9cris plus qu\u2019en fran\u00e7ais \u00bb, Saint-Gu\u00e9nol\u00e9 \u00e0 Penmarc\u2019h, dimanche 17 ao\u00fbt, 19 h. Tarifs : 14 \u20ac, demandeur d\u2019emploi : 8 \u20ac, gratuit pour les moins de 18 ans.<\/p>\n","protected":false},"excerpt":{"rendered":"Imaginez-vous \u00eatre Ukrainien, en Russie, lorsque la guerre se d\u00e9clare entre les deux pays en 2022\u2026 C\u2019est ce&hellip;\n","protected":false},"author":2,"featured_media":319308,"comment_status":"","ping_status":"","sticky":false,"template":"","format":"standard","meta":{"footnotes":""},"categories":[1590],"tags":[11,251,1777,674,131,12,22629,3323,1347,220],"class_list":{"0":"post-319307","1":"post","2":"type-post","3":"status-publish","4":"format-standard","5":"has-post-thumbnail","7":"category-ukraine","8":"tag-actualites","9":"tag-culture","10":"tag-eu","11":"tag-europe","12":"tag-guerre-en-ukraine","13":"tag-news","14":"tag-penmarch","15":"tag-pont-labbe","16":"tag-theatre","17":"tag-ukraine"},"share_on_mastodon":{"url":"https:\/\/pubeurope.com\/@fr\/115028872634748440","error":""},"_links":{"self":[{"href":"https:\/\/www.europesays.com\/fr\/wp-json\/wp\/v2\/posts\/319307","targetHints":{"allow":["GET"]}}],"collection":[{"href":"https:\/\/www.europesays.com\/fr\/wp-json\/wp\/v2\/posts"}],"about":[{"href":"https:\/\/www.europesays.com\/fr\/wp-json\/wp\/v2\/types\/post"}],"author":[{"embeddable":true,"href":"https:\/\/www.europesays.com\/fr\/wp-json\/wp\/v2\/users\/2"}],"replies":[{"embeddable":true,"href":"https:\/\/www.europesays.com\/fr\/wp-json\/wp\/v2\/comments?post=319307"}],"version-history":[{"count":0,"href":"https:\/\/www.europesays.com\/fr\/wp-json\/wp\/v2\/posts\/319307\/revisions"}],"wp:featuredmedia":[{"embeddable":true,"href":"https:\/\/www.europesays.com\/fr\/wp-json\/wp\/v2\/media\/319308"}],"wp:attachment":[{"href":"https:\/\/www.europesays.com\/fr\/wp-json\/wp\/v2\/media?parent=319307"}],"wp:term":[{"taxonomy":"category","embeddable":true,"href":"https:\/\/www.europesays.com\/fr\/wp-json\/wp\/v2\/categories?post=319307"},{"taxonomy":"post_tag","embeddable":true,"href":"https:\/\/www.europesays.com\/fr\/wp-json\/wp\/v2\/tags?post=319307"}],"curies":[{"name":"wp","href":"https:\/\/api.w.org\/{rel}","templated":true}]}}