{"id":319309,"date":"2025-08-14T19:54:10","date_gmt":"2025-08-14T19:54:10","guid":{"rendered":"https:\/\/www.europesays.com\/fr\/319309\/"},"modified":"2025-08-14T19:54:10","modified_gmt":"2025-08-14T19:54:10","slug":"le-dollar-en-hausse-porte-par-la-hausse-des-prix-a-la-production-aux-etats-unis","status":"publish","type":"post","link":"https:\/\/www.europesays.com\/fr\/319309\/","title":{"rendered":"Le dollar en hausse, port\u00e9 par la hausse des prix \u00e0 la production aux \u00c9tats-Unis"},"content":{"rendered":"<p class=\"fig-paragraph\">Le dollar prenait de la vitesse jeudi, soutenu par une\u00a0<a href=\"http:\/\/www.lefigaro.fr\/flash-eco\/la-bourse-de-paris-en-legere-hausse-avant-l-inflation-americaine-cote-producteurs-20250814\" data-fig-type=\"NewsFlash\" data-gtm-custom-categorie=\"navigation\" data-gtm-custom-action=\"crossclick\" data-gtm-custom-label=\"Contextuel\" data-gtm-event=\"customEventSPE\" data-fig-domain=\"LEFIGARO\" target=\"_blank\" rel=\"noopener\">inflation am\u00e9ricaine<\/a>\u00a0c\u00f4t\u00e9 producteurs nettement sup\u00e9rieure aux attentes, qui remet en question la possibilit\u00e9 d&rsquo;un assouplissement mon\u00e9taire de la\u00a0<a href=\"http:\/\/www.lefigaro.fr\/flash-eco\/le-cours-du-dollar-plombe-par-les-perspectives-d-assouplissement-monetaire-de-la-fed-20250813\" data-fig-type=\"NewsFlash\" data-gtm-custom-categorie=\"navigation\" data-gtm-custom-action=\"crossclick\" data-gtm-custom-label=\"Contextuel\" data-gtm-event=\"customEventSPE\" data-fig-domain=\"LEFIGARO\" target=\"_blank\" rel=\"noopener\">banque centrale am\u00e9ricaine<\/a>\u00a0(Fed). Vers 18H15 GMT, le billet vert progressait de 0,60% par rapport \u00e0 la monnaie unique europ\u00e9enne, \u00e0 1,1636 dollar pour un euro, et de 0,37% vis-\u00e0-vis de la devise britannique, \u00e0 1,3526 dollar pour une livre.<\/p>\n<p class=\"fig-paragraph\">\u00abLa Fed reste fortement d\u00e9pendante des donn\u00e9es\u00bb pour d\u00e9terminer sa trajectoire mon\u00e9taire et \u00ables pressions inflationnistes s&rsquo;intensifient\u00bb, commente aupr\u00e8s de l&rsquo;AFP Aroop Chatterjee, de Wells Fargo Securities. Sur un mois, l&rsquo;indice des prix \u00e0 la production (PPI) a progress\u00e9 de 0,9%, selon les donn\u00e9es publi\u00e9es jeudi par le d\u00e9partement du Travail, apr\u00e8s \u00eatre rest\u00e9 stable en juin. L&rsquo;augmentation est bien plus marqu\u00e9e que ne le pr\u00e9voyaient les analystes, qui tablaient sur une avanc\u00e9e de 0,2% des prix en juillet, selon le consensus publi\u00e9 par MarketWatch.<\/p>\n<p>                                    <a class=\"fig-a11y-skip a11y-hidden\" href=\"#fig-a11y-skip-main-inarticle\"><br \/>\n        Passer la publicit\u00e9<br \/>\n    <\/a><\/p>\n<p class=\"fig-paragraph\">Hors prix de l&rsquo;alimentation, de l&rsquo;\u00e9nergie et des services commerciaux, consid\u00e9r\u00e9s comme plus volatils, la progression des prix \u00e0 la production reste importante, de l&rsquo;ordre de 0,6%. Il s&rsquo;agit de la hausse la plus marqu\u00e9e de l&rsquo;indice sous-jacent depuis mars 2022, soit peu avant le pic d&rsquo;inflation observ\u00e9 \u00e0 l&rsquo;\u00e9t\u00e9 2022 aux \u00c9tats-Unis. \u00abLa pression sur les prix pour les entreprises s&rsquo;accentue sous l&rsquo;effet cumul\u00e9 des droits de douane\u00bb, r\u00e9sume Ben Ayers, analyste chez Nationwide.<\/p>\n<p>Bitcoin au sommet<\/p>\n<p class=\"fig-paragraph\">\u00abLes rapports sur l&rsquo;inflation publi\u00e9s cette semaine vont probablement inciter le march\u00e9 \u00e0 marquer une pause en termes d&rsquo;anticipation d&rsquo;un assouplissement plus agressif de la Fed, du moins \u00e0 court terme\u00bb, estime aussi M. Chatterjee. Une large majorit\u00e9 d&rsquo;experts s&rsquo;attendent toujours \u00e0 une r\u00e9duction des taux lors de la prochaine r\u00e9union du comit\u00e9 de politique mon\u00e9taire de l&rsquo;institution (FOMC), selon l&rsquo;outil de veille de CME. Mais ils sont de moins en moins \u00e0 pr\u00e9voir d&rsquo;autres baisses lors des r\u00e9unions suivantes. \u00abPlusieurs donn\u00e9es sont attendues avant la r\u00e9union de septembre (&#8230;) donc tout cela reste tr\u00e8s incertain\u00bb, juge M. Chatterjee.<\/p>\n<p class=\"fig-paragraph\">En parall\u00e8le, le bitcoin a touch\u00e9 un nouveau record jeudi, pouss\u00e9 par des achats institutionnels et une l\u00e9gislation favorable aux \u00c9tats-Unis, atteignant un sommet \u00e0 124.514,59 dollars. Vers 18H15 GMT, le bitcoin ne valait plus que 117.694,00 dollars. Son envol\u00e9e \u00abest fortement soutenue par la croissance des investissements institutionnels\u00bb, comme les ETF bitcoin, des produits de placement qui suivent la performance de ce cryptoactif, explique \u00e0 l&rsquo;AFP Rachael Lucas, de BTC Markets.<\/p>\n","protected":false},"excerpt":{"rendered":"Le dollar prenait de la vitesse jeudi, soutenu par une\u00a0inflation am\u00e9ricaine\u00a0c\u00f4t\u00e9 producteurs nettement sup\u00e9rieure aux attentes, qui remet&hellip;\n","protected":false},"author":2,"featured_media":319310,"comment_status":"","ping_status":"","sticky":false,"template":"","format":"standard","meta":{"footnotes":""},"categories":[1589],"tags":[11,7511,73,1866,9345,12,1864,1865,1863,308],"class_list":{"0":"post-319309","1":"post","2":"type-post","3":"status-publish","4":"format-standard","5":"has-post-thumbnail","7":"category-etats-unis","8":"tag-actualites","9":"tag-dollar","10":"tag-etats-unis","11":"tag-etats-unis-damerique","12":"tag-inflation","13":"tag-news","14":"tag-united-states","15":"tag-united-states-of-america","16":"tag-us","17":"tag-usa"},"share_on_mastodon":{"url":"https:\/\/pubeurope.com\/@fr\/115028876564769763","error":""},"_links":{"self":[{"href":"https:\/\/www.europesays.com\/fr\/wp-json\/wp\/v2\/posts\/319309","targetHints":{"allow":["GET"]}}],"collection":[{"href":"https:\/\/www.europesays.com\/fr\/wp-json\/wp\/v2\/posts"}],"about":[{"href":"https:\/\/www.europesays.com\/fr\/wp-json\/wp\/v2\/types\/post"}],"author":[{"embeddable":true,"href":"https:\/\/www.europesays.com\/fr\/wp-json\/wp\/v2\/users\/2"}],"replies":[{"embeddable":true,"href":"https:\/\/www.europesays.com\/fr\/wp-json\/wp\/v2\/comments?post=319309"}],"version-history":[{"count":0,"href":"https:\/\/www.europesays.com\/fr\/wp-json\/wp\/v2\/posts\/319309\/revisions"}],"wp:featuredmedia":[{"embeddable":true,"href":"https:\/\/www.europesays.com\/fr\/wp-json\/wp\/v2\/media\/319310"}],"wp:attachment":[{"href":"https:\/\/www.europesays.com\/fr\/wp-json\/wp\/v2\/media?parent=319309"}],"wp:term":[{"taxonomy":"category","embeddable":true,"href":"https:\/\/www.europesays.com\/fr\/wp-json\/wp\/v2\/categories?post=319309"},{"taxonomy":"post_tag","embeddable":true,"href":"https:\/\/www.europesays.com\/fr\/wp-json\/wp\/v2\/tags?post=319309"}],"curies":[{"name":"wp","href":"https:\/\/api.w.org\/{rel}","templated":true}]}}