{"id":319313,"date":"2025-08-14T19:56:14","date_gmt":"2025-08-14T19:56:14","guid":{"rendered":"https:\/\/www.europesays.com\/fr\/319313\/"},"modified":"2025-08-14T19:56:14","modified_gmt":"2025-08-14T19:56:14","slug":"bresil-afrique-allemagne-geographie-dune-eglise-en-morceaux-diakonos-be","status":"publish","type":"post","link":"https:\/\/www.europesays.com\/fr\/319313\/","title":{"rendered":"Br\u00e9sil, Afrique, Allemagne, g\u00e9ographie d\u2019une Eglise en morceaux \u2013 Diakonos.be"},"content":{"rendered":"<p><a href=\"https:\/\/www.europesays.com\/fr\/wp-content\/uploads\/2025\/08\/Norcia2.png\"><img loading=\"lazy\" decoding=\"async\" class=\"size-full wp-image-1044 alignleft\" src=\"https:\/\/www.europesays.com\/fr\/wp-content\/uploads\/2025\/08\/Norcia2.png\" alt=\"\" width=\"278\" height=\"227\"\/><\/a>Pour le Pape Fran\u00e7ois, l\u2019ann\u00e9e 2017 commence sur un arri\u00e8re-go\u00fbt d\u2019amertume.\u00a0 Sa popularit\u00e9 reste forte sans cependant que cela ne se traduise dans une vitalit\u00e9 de la pratique religieuse.\u00a0 En Am\u00e9rique latine, on assiste au contraire \u00e0 un v\u00e9ritable effondrement.<\/p>\n<p>Le cas du Br\u00e9sil est particuli\u00e8rement interpellant.\u00a0 Dans un sondage tout r\u00e9cemment publi\u00e9 par Datafolha, la partie de la population qui d\u00e9clare appartenir \u00e0 l\u2019Eglise catholique est pass\u00e9e de 60% \u00e0 50% sur ces deux derni\u00e8res ann\u00e9es.<\/p>\n<p>Il y a \u00e0 peine 50 ans, la quasi-totalit\u00e9 de la population br\u00e9silienne se d\u00e9clarait catholique.\u00a0 Dans les ann\u00e9es deux mille, le pourcentage \u00e9tait tomb\u00e9 \u00e0 62% o\u00f9 il s\u2019\u00e9tait stabilis\u00e9 jusqu\u2019\u00e0 ces derni\u00e8res ann\u00e9es, alors que pour la premi\u00e8re fois, c\u2019est justement un Pape latino-am\u00e9ricain qui r\u00e8gne \u00e0 Rome.<\/p>\n<p>Le seul continent dans lequel les catholiques sont en constante augmentation, c\u2019est l\u2019Afrique subsaharienne.\u00a0 Mais l\u2019Eglise africaine, avec ses \u00e9v\u00eaques et ses cardinaux, c\u2019est \u00e9galement l\u2019opposition la plus virulente contre les changements mis en \u0153uvre par le Pape Fran\u00e7ois.\u00a0 Paradoxalement, le Pape appel\u00e9 du bout du monde avec la volont\u00e9 de r\u00e9nover l\u2019Eglise doit s\u2019appuyer sur les Eglises nationales du Vieux Continent, \u00e0 commencer par l\u2019Eglise allemande, pour mettre en \u0153uvre son programme et c\u2019est de la part des jeunes et ferventes Eglises africaines qu\u2019il rencontre des r\u00e9sistances tenaces.<\/p>\n<p>M\u00eame au sein de la Curie Romaine, cette fracture est visible \u00e0 l\u2019\u0153il nu.\u00a0 Le Cardinal pr\u00e9f\u00e9r\u00e9 de Jorge Mario Bergoglio, c\u2019est l\u2019octog\u00e9naire Walter Kasper, un allemand.\u00a0 Alors que son antith\u00e8se, c\u2019est le cardinal guin\u00e9en Robert Sarah, consid\u00e9r\u00e9 comme un h\u00e9ros et un phare pour l\u2019Eglise catholique, m\u00eame hors d\u2019Afrique.<\/p>\n<p>Lors des deux synodes qu\u2019il a convoqu\u00e9 et 2014 et en 2015, le pape Fran\u00e7ois s\u2019est confront\u00e9 aux r\u00e9sistances face aux innovations qu\u2019il voulait introduire sur ce terrain min\u00e9 que constitue le soin pastoral de la famille.<\/p>\n<p>Pour mater l\u2019opposition, il joua\u00a0la carte de la ruse, comme l\u2019a na\u00efvement r\u00e9v\u00e9l\u00e9 apr\u00e8s coup l\u2019un de ses proches, l\u2019archev\u00eaque Bruno Forte, en citant textuellement ces paroles que le Pape lui avait dites pendant le synode\u202f: \u00ab\u202fSi nous parlons explicitement de la communion des divorc\u00e9s-remari\u00e9s, tu n\u2019as pas id\u00e9e du foutoir qu\u2019ils vont me mettre.\u00a0 Alors n\u2019en parlons pas directement, toi, fais en sorte de jeter les bases et ensuite je tirerai moi-m\u00eame les conclusions.\u202f\u00bb<\/p>\n<p>Et c\u2019est bien ainsi que les choses se sont pass\u00e9es.\u00a0 Bergoglio n\u2019a jamais clairement d\u00e9clar\u00e9 qu\u2019il voulait autoriser la communion des divorc\u00e9s remari\u00e9s, ce que l\u2019Eglise catholique n\u2019avait jamais autoris\u00e9 pr\u00e9c\u00e9demment, mais il a donn\u00e9 le champ libre aux paladins de l\u2019innovation, allemands en t\u00eate.\u00a0 Une fois le synode achev\u00e9 sans vainqueurs ni vaincus, c\u2019est lui qui tira les conclusions dans son exhortation apostolique \u00ab\u202fAmoris laetitia\u202f\u00bb dans laquelle il dissimula les nouveaut\u00e9s qui lui \u00e9taient si ch\u00e8res dans quelques notes de bas de page sibyllines, entre le dit et le non-dit.<\/p>\n<p>Mais ce \u00ab\u202ffoutoir\u202f\u00bb selon ses propres mots qu\u2019il avait r\u00e9ussi \u00e0 d\u00e9samorcer au cours du Synode lui a \u00e9clat\u00e9 au visage par la suite, parce que les ambigu\u00eft\u00e9s qu\u2019il avait volontairement introduites dans \u00ab\u202fAmoris Laetitia\u202f\u00bb ont donn\u00e9 lieu \u00e0 une incontr\u00f4lable explosion d\u2019interpr\u00e9tations th\u00e9oriques et de mises en \u0153uvres pratiques allant dans tous les sens.<\/p>\n<p>Avec comme r\u00e9sultat, par exemple, que dans le dioc\u00e8se de Rome, la communion est admise pour les divorc\u00e9s-remari\u00e9s qui vivent \u00ab\u202fmore uxorio\u202f\u00bb alors que dans le dioc\u00e8se de Florence, ce n\u2019est pas encore le cas et que dans ceux de San Diego et de Philadelphie, elle est interdite.\u00a0 Pareil dans tout le monde catholique o\u00f9 entre un dioc\u00e8se et l\u2019autre, entre une paroisse et une autre, les pratiques les plus vari\u00e9es et oppos\u00e9es sont entr\u00e9es en vigueur, toutes se r\u00e9clamant de leur propre lecture d\u2019Amoris Laetitia.<\/p>\n<p>Or, ce qui est en jeu, ce n\u2019est pas simplement le oui o\u00f9 le non \u00e0 la communion mais bien l\u2019indissolubilit\u00e9 du mariage et de l\u2019admission du divorce dans l\u2019Eglise catholique, comme c\u2019est d\u00e9j\u00e0 le cas chez les protestants et les orthodoxes.<\/p>\n<p>Quatre cardinaux, l\u2019italien Caffarra, l\u2019am\u00e9ricain Burke et les allemands Meisner et Brandm\u00fcller, ces deux derniers \u00e9tant en opposition avec leurs confr\u00e8res, ont demand\u00e9 publiquement au Pape de dissiper une fois pour toutes les doutes doctrinaux et les pratiques mises en \u0153uvre autour d\u2019Amoris Laetitia.<\/p>\n<p>Fran\u00e7ois n\u2019a pas r\u00e9pondu.\u00a0 Et il ne pourra pas r\u00e9pondre, \u00e0 moins de se contredire lui-m\u00eame.<\/p>\n<p>* Cette note a \u00e9t\u00e9 publi\u00e9e dans l\u2019hebdomadaire \u2018L\u2019Espresso\u202f\u00bb n\u00b03 disponible le 22 janvier dans la rubrique d\u2019opinion intitul\u00e9e \u00ab\u202fSettimo cielo\u202f\u00bb confi\u00e9e \u00e0 Sandro Magister.<\/p>\n<p><strong>Un article de <a href=\"https:\/\/www.diakonos.be\/redacteurs\/sandro-magister\/\" target=\"_blank\" rel=\"nofollow noopener\">Sandro Magister<\/a>, vaticaniste \u00e0 <a href=\"https:\/\/lespresso.it\/\" rel=\"nofollow noopener\" target=\"_blank\">L\u2019Espresso<\/a>.\u00a0 <\/strong> <\/p>\n<p><a class=\"hupso_toolbar\" href=\"https:\/\/www.hupso.com\/share\/\" rel=\"nofollow noopener\" target=\"_blank\"><img decoding=\"async\" src=\"https:\/\/www.europesays.com\/fr\/wp-content\/uploads\/2025\/08\/share-medium.png\" style=\"border:0px; padding-top: 5px; float:left;\" alt=\"Share Button\"\/><\/a><\/p>\n","protected":false},"excerpt":{"rendered":"Pour le Pape Fran\u00e7ois, l\u2019ann\u00e9e 2017 commence sur un arri\u00e8re-go\u00fbt d\u2019amertume.\u00a0 Sa popularit\u00e9 reste forte sans cependant que&hellip;\n","protected":false},"author":2,"featured_media":319314,"comment_status":"","ping_status":"","sticky":false,"template":"","format":"standard","meta":{"footnotes":""},"categories":[1587],"tags":[11,672,1804,1805,1803,1777,674,1801,12,1802],"class_list":{"0":"post-319313","1":"post","2":"type-post","3":"status-publish","4":"format-standard","5":"has-post-thumbnail","7":"category-allemagne","8":"tag-actualites","9":"tag-allemagne","10":"tag-bundesrepublik-deutschland","11":"tag-de","12":"tag-deutschland","13":"tag-eu","14":"tag-europe","15":"tag-germany","16":"tag-news","17":"tag-republique-federale-dallemagne"},"share_on_mastodon":{"url":"https:\/\/pubeurope.com\/@fr\/115028884557760869","error":""},"_links":{"self":[{"href":"https:\/\/www.europesays.com\/fr\/wp-json\/wp\/v2\/posts\/319313","targetHints":{"allow":["GET"]}}],"collection":[{"href":"https:\/\/www.europesays.com\/fr\/wp-json\/wp\/v2\/posts"}],"about":[{"href":"https:\/\/www.europesays.com\/fr\/wp-json\/wp\/v2\/types\/post"}],"author":[{"embeddable":true,"href":"https:\/\/www.europesays.com\/fr\/wp-json\/wp\/v2\/users\/2"}],"replies":[{"embeddable":true,"href":"https:\/\/www.europesays.com\/fr\/wp-json\/wp\/v2\/comments?post=319313"}],"version-history":[{"count":0,"href":"https:\/\/www.europesays.com\/fr\/wp-json\/wp\/v2\/posts\/319313\/revisions"}],"wp:featuredmedia":[{"embeddable":true,"href":"https:\/\/www.europesays.com\/fr\/wp-json\/wp\/v2\/media\/319314"}],"wp:attachment":[{"href":"https:\/\/www.europesays.com\/fr\/wp-json\/wp\/v2\/media?parent=319313"}],"wp:term":[{"taxonomy":"category","embeddable":true,"href":"https:\/\/www.europesays.com\/fr\/wp-json\/wp\/v2\/categories?post=319313"},{"taxonomy":"post_tag","embeddable":true,"href":"https:\/\/www.europesays.com\/fr\/wp-json\/wp\/v2\/tags?post=319313"}],"curies":[{"name":"wp","href":"https:\/\/api.w.org\/{rel}","templated":true}]}}