{"id":319317,"date":"2025-08-14T19:58:15","date_gmt":"2025-08-14T19:58:15","guid":{"rendered":"https:\/\/www.europesays.com\/fr\/319317\/"},"modified":"2025-08-14T19:58:15","modified_gmt":"2025-08-14T19:58:15","slug":"la-croissance-de-lemploi-se-maintient-dans-lue-et-la-zone-euro","status":"publish","type":"post","link":"https:\/\/www.europesays.com\/fr\/319317\/","title":{"rendered":"La croissance de l&#8217;emploi se maintient dans l&rsquo;UE et la zone euro"},"content":{"rendered":"<p>                    <img decoding=\"async\" style=\"aspect-ratio:16\/9\" src=\"https:\/\/www.europesays.com\/fr\/wp-content\/uploads\/2025\/08\/travail-5.webp\" width=\"100%\" loading=\"eager\"\/><\/p>\n<p>                            <a href=\"https:\/\/fr.businessam.be\/author\/redactie\/\" class=\"author-thumbnail\" style=\"border: 2px inset #00000099;\" rel=\"nofollow noopener\" target=\"_blank\"><img loading=\"lazy\" decoding=\"async\" src=\"https:\/\/www.europesays.com\/fr\/wp-content\/uploads\/2025\/08\/1755201495_298_cropped-favicon-192x192.png\" width=\"80\" height=\"80\" alt=\"Business AM\"\/><\/a>\ue05bpar <a href=\"https:\/\/fr.businessam.be\/author\/redactie\/\" rel=\"nofollow noopener\" target=\"_blank\">Business AM<\/a><br \/>\ue010publi\u00e9 le jeudi 14 ao\u00fbt 2025 \u00e0 21:32 \u2022 <br \/>\ue00c3 min de lecture<\/p>\n<p>Principaux renseignements<\/p>\n<ul class=\"wp-block-list\">\n<li><strong>La zone euro et l\u2019UE ont connu une croissance modeste du PIB de 0,1 pour cent et 0,2 pour cent, respectivement, au cours du 2\u00e8me trimestre 2025.<\/strong><\/li>\n<li><strong>Les chiffres de l\u2019emploi ont augment\u00e9 de 0,1 pour cent dans les deux r\u00e9gions par rapport au trimestre pr\u00e9c\u00e9dent, ce qui signifie une croissance continue de l\u2019emploi.<\/strong><\/li>\n<li><strong>La croissance du PIB en glissement annuel a l\u00e9g\u00e8rement ralenti mais est rest\u00e9e positive \u00e0 1,4 pour cent dans la zone euro et \u00e0 1,5 pour cent dans l\u2019UE.<\/strong><\/li>\n<\/ul>\n<p>La zone euro et <a href=\"https:\/\/fr.businessam.be\/google-adopte-les-directives-de-lunion-europeenne-en-matiere-dia\/\" target=\"_blank\" rel=\"noreferrer noopener nofollow\">l\u2019Union europ\u00e9enne<\/a> (UE) ont enregistr\u00e9 une croissance \u00e9conomique et une hausse de l\u2019emploi au cours du deuxi\u00e8me trimestre 2025. Selon <a href=\"https:\/\/ec.europa.eu\/eurostat\/web\/products-euro-indicators\/w\/4-14082025-bp\" target=\"_blank\" rel=\"noreferrer noopener nofollow\">Eurostat<\/a>, le PIB corrig\u00e9 des variations saisonni\u00e8res de la zone euro a augment\u00e9 de 0,1 pour cent et celui de l\u2019UE de 0,2 pour cent par rapport au trimestre pr\u00e9c\u00e9dent. Ceci fait suite \u00e0 une croissance plus forte de 0,6 pour cent dans la zone euro et de 0,5 pour cent dans l\u2019UE au cours du premier trimestre 2025.<\/p>\n<p>En glissement annuel, le PIB corrig\u00e9 des variations saisonni\u00e8res a augment\u00e9 de 1,4 pour cent dans la zone euro et de 1,5 pour cent dans l\u2019UE au cours du deuxi\u00e8me trimestre 2025, soit une l\u00e9g\u00e8re baisse par rapport aux taux de croissance du trimestre pr\u00e9c\u00e9dent. \u00c0 titre de comparaison, les \u00c9tats-Unis ont enregistr\u00e9 une croissance trimestrielle du PIB de 0,7 pour cent au cours du deuxi\u00e8me trimestre 2025, apr\u00e8s une baisse de 0,1 pour cent au cours du premier trimestre. En glissement annuel, le PIB des \u00c9tats-Unis a augment\u00e9 de 2,0 pour cent.<\/p>\n<p>Tendances positives en mati\u00e8re d\u2019emploi<\/p>\n<p>Les chiffres de l\u2019emploi ont \u00e9galement affich\u00e9 des tendances positives. Le nombre de personnes ayant un emploi a augment\u00e9 de 0,1 pour cent dans la zone euro et dans l\u2019UE au cours du deuxi\u00e8me trimestre 2025 par rapport au trimestre pr\u00e9c\u00e9dent. Cette \u00e9volution fait suite \u00e0 une hausse de 0,2 pour cent de l\u2019emploi dans la zone euro et \u00e0 des niveaux d\u2019emploi stables dans l\u2019UE au cours du premier trimestre 2025.<\/p>\n<p>Par rapport au m\u00eame trimestre de l\u2019ann\u00e9e pr\u00e9c\u00e9dente, l\u2019emploi a augment\u00e9 de 0,7 pour cent tant dans la zone euro que dans l\u2019UE au deuxi\u00e8me trimestre 2025, poursuivant ainsi la tendance \u00e0 la hausse observ\u00e9e au premier trimestre. (uv)<\/p>\n","protected":false},"excerpt":{"rendered":"\ue05bpar Business AM\ue010publi\u00e9 le jeudi 14 ao\u00fbt 2025 \u00e0 21:32 \u2022 \ue00c3 min de lecture Principaux renseignements La&hellip;\n","protected":false},"author":2,"featured_media":319318,"comment_status":"","ping_status":"","sticky":false,"template":"","format":"standard","meta":{"footnotes":""},"categories":[1586],"tags":[11,1777,674,1779,1011,27,1861,12,25,1778,364],"class_list":{"0":"post-319317","1":"post","2":"type-post","3":"status-publish","4":"format-standard","5":"has-post-thumbnail","7":"category-europe","8":"tag-actualites","9":"tag-eu","10":"tag-europe","11":"tag-european-union","12":"tag-fr","13":"tag-france","14":"tag-lue","15":"tag-news","16":"tag-republique-francaise","17":"tag-ue","18":"tag-union-europeenne"},"share_on_mastodon":{"url":"https:\/\/pubeurope.com\/@fr\/115028892443505840","error":""},"_links":{"self":[{"href":"https:\/\/www.europesays.com\/fr\/wp-json\/wp\/v2\/posts\/319317","targetHints":{"allow":["GET"]}}],"collection":[{"href":"https:\/\/www.europesays.com\/fr\/wp-json\/wp\/v2\/posts"}],"about":[{"href":"https:\/\/www.europesays.com\/fr\/wp-json\/wp\/v2\/types\/post"}],"author":[{"embeddable":true,"href":"https:\/\/www.europesays.com\/fr\/wp-json\/wp\/v2\/users\/2"}],"replies":[{"embeddable":true,"href":"https:\/\/www.europesays.com\/fr\/wp-json\/wp\/v2\/comments?post=319317"}],"version-history":[{"count":0,"href":"https:\/\/www.europesays.com\/fr\/wp-json\/wp\/v2\/posts\/319317\/revisions"}],"wp:featuredmedia":[{"embeddable":true,"href":"https:\/\/www.europesays.com\/fr\/wp-json\/wp\/v2\/media\/319318"}],"wp:attachment":[{"href":"https:\/\/www.europesays.com\/fr\/wp-json\/wp\/v2\/media?parent=319317"}],"wp:term":[{"taxonomy":"category","embeddable":true,"href":"https:\/\/www.europesays.com\/fr\/wp-json\/wp\/v2\/categories?post=319317"},{"taxonomy":"post_tag","embeddable":true,"href":"https:\/\/www.europesays.com\/fr\/wp-json\/wp\/v2\/tags?post=319317"}],"curies":[{"name":"wp","href":"https:\/\/api.w.org\/{rel}","templated":true}]}}