{"id":319321,"date":"2025-08-14T20:00:13","date_gmt":"2025-08-14T20:00:13","guid":{"rendered":"https:\/\/www.europesays.com\/fr\/319321\/"},"modified":"2025-08-14T20:00:13","modified_gmt":"2025-08-14T20:00:13","slug":"lune-des-4-victimes-est-morte-etranglee-revele-lautopsie","status":"publish","type":"post","link":"https:\/\/www.europesays.com\/fr\/319321\/","title":{"rendered":"l&rsquo;une des 4 victimes est morte \u00e9trangl\u00e9e r\u00e9v\u00e8le l&rsquo;autopsie"},"content":{"rendered":"<p>Le myst\u00e8re commence \u00e0 s&rsquo;\u00e9claircir.<a href=\"https:\/\/www.leparisien.fr\/faits-divers\/quatre-cadavres-repeches-a-choisy-le-roi-lune-des-victimes-est-morte-etranglee-14-08-2025-GJ4TUCOKAFA4JFFPX5YPJJ73EE.php\" target=\"_blank\" rel=\"nofollow noopener\"> Le Parisien<\/a> r\u00e9v\u00e8le les r\u00e9sultats de <a href=\"https:\/\/www.laprovence.com\/article\/faits-divers-justice\/8008820726478914\/l-autopsie-du-festivalier-retrouve-mort-dans-les-hautes-alpes-ne-clarifie-pas-les-causes-de-son-deces\" target=\"_blank\" rel=\"nofollow noopener\">l&rsquo;autopsie<\/a>. Sur les quatre cadavres rep\u00each\u00e9s dans la Seine \u00e0 Choisy-le-Roi mercredi\u00a013 ao\u00fbt, un seul aurait \u00e9t\u00e9 assassin\u00e9, les autres sont morts de fa\u00e7on \u00ab\u00a0naturelle.\u00a0\u00bb\u00a0Selon les informations du journal, l&rsquo;un des d\u00e9funts a donc \u00e9t\u00e9 victime d&rsquo;un homicide.<\/p>\n<p>\u00ab\u00a0L&rsquo;autopsie pratiqu\u00e9e \u00e0 l&rsquo;Institut m\u00e9dico-l\u00e9gal de Paris r\u00e9v\u00e8le un \u00e9tranglement\u00a0\u00bb, indique une source proche du dossier.\u00a0Le parquet de Cr\u00e9teil a saisi aussit\u00f4t la brigade criminelle pour poursuivre les investigations concernant cette victime qui a \u00e9t\u00e9 identifi\u00e9e. Il ne s&rsquo;agirait pas de quelqu&rsquo;un connu des services de police, mais elle \u00e9tait apparemment recherch\u00e9e par ses proches.<\/p>\n<p>Un meurtre et 3 morts naturelles<\/p>\n<p>\u00ab\u00a0L&rsquo;hypoth\u00e8se la plus probable d\u00e9sormais, c&rsquo;est que le ou les meurtriers ont jet\u00e9 \u00e0 l&rsquo;eau leur victime sans se douter qu&rsquo;elle se retrouverait \u00e0 proximit\u00e9 d&rsquo;autres cadavres,\u00a0\u00bb explique cette m\u00eame source. Pour les trois autres hommes, il s&rsquo;agirait d&rsquo;une \u00ab\u00a0mort naturelle\u00a0\u00bb.\u00a0<\/p>\n<p>Ces cadavres, qui n&rsquo;ont toujours pas \u00e9t\u00e9 identifi\u00e9s, auraient d\u00e9riv\u00e9 jusqu&rsquo;\u00e0 ce recoin. \u00ab\u00a0Ces corps sont tr\u00e8s ab\u00eem\u00e9s. L&rsquo;identification n&rsquo;est pas facile du tout\u00a0\u00bb, poursuit une source proche du dossier.<\/p>\n<p>Les 4 cadavres avaient \u00e9t\u00e9 d\u00e9couverts mercredi, l&rsquo;alerte a \u00e9t\u00e9 donn\u00e9e peu avant par un passager voyageant dans le RER C, qui disait avoir aper\u00e7u un corps flottant dans la Seine, selon la source polici\u00e8re.<\/p>\n","protected":false},"excerpt":{"rendered":"Le myst\u00e8re commence \u00e0 s&rsquo;\u00e9claircir. Le Parisien r\u00e9v\u00e8le les r\u00e9sultats de l&rsquo;autopsie. Sur les quatre cadavres rep\u00each\u00e9s dans&hellip;\n","protected":false},"author":2,"featured_media":319322,"comment_status":"","ping_status":"","sticky":false,"template":"","format":"standard","meta":{"footnotes":""},"categories":[2],"tags":[17,11,28802,1446,154,274,1011,27,4506,12,45738,25,13527,2023],"class_list":{"0":"post-319321","1":"post","2":"type-post","3":"status-publish","4":"format-standard","5":"has-post-thumbnail","7":"category-actualites","8":"tag-17","9":"tag-actualites","10":"tag-cadavres","11":"tag-dans","12":"tag-des","13":"tag-faits-divers-justice","14":"tag-fr","15":"tag-france","16":"tag-lune","17":"tag-news","18":"tag-repeches","19":"tag-republique-francaise","20":"tag-seine","21":"tag-victimes"},"share_on_mastodon":{"url":"https:\/\/pubeurope.com\/@fr\/115028900179346974","error":""},"_links":{"self":[{"href":"https:\/\/www.europesays.com\/fr\/wp-json\/wp\/v2\/posts\/319321","targetHints":{"allow":["GET"]}}],"collection":[{"href":"https:\/\/www.europesays.com\/fr\/wp-json\/wp\/v2\/posts"}],"about":[{"href":"https:\/\/www.europesays.com\/fr\/wp-json\/wp\/v2\/types\/post"}],"author":[{"embeddable":true,"href":"https:\/\/www.europesays.com\/fr\/wp-json\/wp\/v2\/users\/2"}],"replies":[{"embeddable":true,"href":"https:\/\/www.europesays.com\/fr\/wp-json\/wp\/v2\/comments?post=319321"}],"version-history":[{"count":0,"href":"https:\/\/www.europesays.com\/fr\/wp-json\/wp\/v2\/posts\/319321\/revisions"}],"wp:featuredmedia":[{"embeddable":true,"href":"https:\/\/www.europesays.com\/fr\/wp-json\/wp\/v2\/media\/319322"}],"wp:attachment":[{"href":"https:\/\/www.europesays.com\/fr\/wp-json\/wp\/v2\/media?parent=319321"}],"wp:term":[{"taxonomy":"category","embeddable":true,"href":"https:\/\/www.europesays.com\/fr\/wp-json\/wp\/v2\/categories?post=319321"},{"taxonomy":"post_tag","embeddable":true,"href":"https:\/\/www.europesays.com\/fr\/wp-json\/wp\/v2\/tags?post=319321"}],"curies":[{"name":"wp","href":"https:\/\/api.w.org\/{rel}","templated":true}]}}