{"id":319325,"date":"2025-08-14T20:02:09","date_gmt":"2025-08-14T20:02:09","guid":{"rendered":"https:\/\/www.europesays.com\/fr\/319325\/"},"modified":"2025-08-14T20:02:09","modified_gmt":"2025-08-14T20:02:09","slug":"frederic-lacroix-ca-ressemble-plus-a-un-tournoi-que-lon-na-jamais-joue-avant-golf-planete","status":"publish","type":"post","link":"https:\/\/www.europesays.com\/fr\/319325\/","title":{"rendered":"Fr\u00e9d\u00e9ric Lacroix : \u00ab \u00c7a ressemble plus \u00e0 un tournoi que l\u2019on n\u2019a jamais jou\u00e9 avant \u00bb &#8211; Golf Plan\u00e8te"},"content":{"rendered":"<ol>\n<li><a href=\"https:\/\/news.google.com\/rss\/articles\/CBMitwFBVV95cUxNNTBpU0V5NHcxb0JoVE1FM3dIaVExS09SRm1pdzNFU0xyU2VzZnktSm9aV2pDaEo2LW9ra3lGejNTQkFSRlFNeEVwNmNmUW9Kc1JhMGpnUEl6UlZiUDJZaUhBaHF5aUdhMEtNdGpwMFFsdzJzYmFxeVJ5T2l2WW9Pa2p1UmcxYThhTTJsRHNuZ3hJQjZoZXZNcHFUQ25tT3ZvbEJnZ2s3MVNqRGplX2QzY2tIRVdqVGc?oc=5\" target=\"_blank\" rel=\"nofollow noopener\">Fr\u00e9d\u00e9ric Lacroix : \u00ab \u00c7a ressemble plus \u00e0 un tournoi que l\u2019on n\u2019a jamais jou\u00e9 avant \u00bb<\/a>&nbsp;&nbsp;Golf Plan\u00e8te<\/li>\n<li><a href=\"https:\/\/news.google.com\/rss\/articles\/CBMijwJBVV95cUxNNWMtX0xVOExMXzNEVzU5YWl6TjZ6aklma1prbXBkb1FpN3FlYnA5WWtncVdJek5TdTktQlFpNFc5ZkNDU3Y1cExzT1JMbUcxcGRsMDdDcGdOZnJEZVd6TnhhaTFqSEtGWGp2eE5fb2FBM0w5aGJXS21sMlFsZDNrOHlITFNXRWVocE5YcU1OV29UWGdwRGxqdXVZNFBtWUc1cTRSUXRRUko5XzB2REtBbEttNDNNZmFxemxOR3lXMWVTUW9oQVZjZ1RUMXNnSVFjTl83LVhBY0pCUU84VGtxNS1ua3NwRlo0V2s3ekUwenM3QVNSSWNEV0tuaEVDZ1dmU2JkLUt5c0gzSWI2cE5F?oc=5\" target=\"_blank\" rel=\"nofollow noopener\">Golf. DPW Tour &#8211; Danish Championship: Marco Penge (Ang) Prend les Commandes, Lacroix et Amat plac\u00e9s<\/a>&nbsp;&nbsp;Ouest-France<\/li>\n<li><a href=\"https:\/\/news.google.com\/rss\/articles\/CBMimgFBVV95cUxOcEFGeEdLcEYzdlBqUjQwbEl5OWxNVlczdmNWTENvMnJhSnZzMXNJT0JRc1F3MHVnWVhGUHNHOHcyTHl4ZFRicktYc1lGY1hqRXNiMVJOQWM2cU5sdWZpcTQ2N1hUajktRTlQMXV3dEVzN09RRnpsdHJtVm5pWmFCdlM1UEVDVk5SanRpQzBlZG1abThfUk1RZmR3?oc=5\" target=\"_blank\" rel=\"nofollow noopener\">Golf professionnel : Lacroix conna\u00eet le chemin<\/a>&nbsp;&nbsp;F\u00e9d\u00e9ration fran\u00e7aise de golf (ffgolf)<\/li>\n<li><a href=\"https:\/\/news.google.com\/rss\/articles\/CBMi9wFBVV95cUxPUnM2NHpZOTJ0MU5od3NJNGtZUmlXTVpxN3NQMWJjVmVwT01LT0FjeUZMbmJKaUdsSW96My1TbmM4a1hGSkU1NWZMcURQUkd5OHR6SHNOYlJTYnFJaHV4b2N5dmkyS205cXJwS0Foa2hEVXk5U3ZGazA4V1Bxbzh4X09nMlBJWEdCcFJWcFZKUUgxdmtIei1Ld3N2OW9UNkhuYUR3ck9UNnU2R2lOWUxtN3EwZmtzQ2hHOXZLMWJ6RVF1MHN2N3pFREpmNkZGYlFRZDBfdjZPaVExTEYyTUVsa3lkaWpfYzFoVGlTRzdyYlMtdVJYOTlz?oc=5\" target=\"_blank\" rel=\"nofollow noopener\">DP World Tour &#8211; Nicolas Colsaerts en dessous du par apr\u00e8s le premier tour au Danemark<\/a>&nbsp;&nbsp;La Libre.be<\/li>\n<li><a href=\"https:\/\/news.google.com\/rss\/articles\/CBMitgFBVV95cUxOVGJicG5nX0tkU2QxSC1CN2RBRnFvZzdES3MzZE5kQk5NS3JmbnhiMnlvLWl0QkJRVUtheHgtVFdxMmlzSE12LTE1M3hTRFlXcHI4WElCcnBwT19ScHdDWEZ0MTg3TUJ6bmtDMXk1TzF4MG1HQmFsUmJMMUROejFGTXlRcDlsNlJrZDdLVGpJOEE5RmF4cHZNUk5FSnpPREIzdlNveGpjUGloTl81RjlJT0FHRUlzQQ?oc=5\" target=\"_blank\" rel=\"nofollow noopener\">L\u2019Anglais Marco Penge s\u2019offre la t\u00eate et un potentiel record \u00e0 10 000 dollars<\/a>&nbsp;&nbsp;Golf Plan\u00e8te<\/li>\n<\/ol>\n","protected":false},"excerpt":{"rendered":"Fr\u00e9d\u00e9ric Lacroix : \u00ab \u00c7a ressemble plus \u00e0 un tournoi que l\u2019on n\u2019a jamais jou\u00e9 avant \u00bb&nbsp;&nbsp;Golf Plan\u00e8te&hellip;\n","protected":false},"author":2,"featured_media":319326,"comment_status":"","ping_status":"","sticky":false,"template":"","format":"standard","meta":{"footnotes":""},"categories":[1418],"tags":[1011,27,1472,60],"class_list":{"0":"post-319325","1":"post","2":"type-post","3":"status-publish","4":"format-standard","5":"has-post-thumbnail","7":"category-golf","8":"tag-fr","9":"tag-france","10":"tag-golf","11":"tag-sports"},"share_on_mastodon":{"url":"https:\/\/pubeurope.com\/@fr\/115028907993869182","error":""},"_links":{"self":[{"href":"https:\/\/www.europesays.com\/fr\/wp-json\/wp\/v2\/posts\/319325","targetHints":{"allow":["GET"]}}],"collection":[{"href":"https:\/\/www.europesays.com\/fr\/wp-json\/wp\/v2\/posts"}],"about":[{"href":"https:\/\/www.europesays.com\/fr\/wp-json\/wp\/v2\/types\/post"}],"author":[{"embeddable":true,"href":"https:\/\/www.europesays.com\/fr\/wp-json\/wp\/v2\/users\/2"}],"replies":[{"embeddable":true,"href":"https:\/\/www.europesays.com\/fr\/wp-json\/wp\/v2\/comments?post=319325"}],"version-history":[{"count":0,"href":"https:\/\/www.europesays.com\/fr\/wp-json\/wp\/v2\/posts\/319325\/revisions"}],"wp:featuredmedia":[{"embeddable":true,"href":"https:\/\/www.europesays.com\/fr\/wp-json\/wp\/v2\/media\/319326"}],"wp:attachment":[{"href":"https:\/\/www.europesays.com\/fr\/wp-json\/wp\/v2\/media?parent=319325"}],"wp:term":[{"taxonomy":"category","embeddable":true,"href":"https:\/\/www.europesays.com\/fr\/wp-json\/wp\/v2\/categories?post=319325"},{"taxonomy":"post_tag","embeddable":true,"href":"https:\/\/www.europesays.com\/fr\/wp-json\/wp\/v2\/tags?post=319325"}],"curies":[{"name":"wp","href":"https:\/\/api.w.org\/{rel}","templated":true}]}}