{"id":319327,"date":"2025-08-14T20:04:12","date_gmt":"2025-08-14T20:04:12","guid":{"rendered":"https:\/\/www.europesays.com\/fr\/319327\/"},"modified":"2025-08-14T20:04:12","modified_gmt":"2025-08-14T20:04:12","slug":"antoine-dupont-veritable-icone-du-rugby-francais-va-prolonger-son-contrat","status":"publish","type":"post","link":"https:\/\/www.europesays.com\/fr\/319327\/","title":{"rendered":"Antoine Dupont, v\u00e9ritable ic\u00f4ne du rugby Fran\u00e7ais, va prolonger son contrat"},"content":{"rendered":"<p>Ic\u00f4ne du rugby fran\u00e7ais et atout marketing majeur, Antoine Dupont incarne aujourd\u2019hui bien plus qu\u2019un simple joueur pour le Stade Toulousain.<\/p>\n<p>Jamais un rugbyman n\u2019avait atteint un tel niveau de popularit\u00e9 et de reconnaissance nationale. Champion olympique, capitaine du XV de France, \u00e9g\u00e9rie d\u2019une marque de luxe plan\u00e9taire\u2026 le demi de m\u00eal\u00e9e est devenu un symbole sportif et m\u00e9diatique.<\/p>\n<p>Cette notori\u00e9t\u00e9 se refl\u00e8te dans les classements : en janvier, il a int\u00e9gr\u00e9 le top 10 des personnalit\u00e9s pr\u00e9f\u00e9r\u00e9es des Fran\u00e7ais, grimpant de trente places en un an pour atteindre la huiti\u00e8me position, devant des figures comme Jean-Jacques Goldman.<\/p>\n<p><strong>Un retour tr\u00e8s attendu<\/strong><\/p>\n<p>Pour le club rouge et noir, Dupont n\u2019est pas seulement une star : il est la personnification de ses valeurs \u2013 exigence, passion, comp\u00e9titivit\u00e9 \u2013 et un moteur commercial incontestable.<\/p>\n<p>Les sponsors le savent : s\u2019associer au Stade Toulousain, c\u2019est aussi se rapprocher de son capitaine embl\u00e9matique, comme l\u2019explique Midi Olympique, dans son \u00e9dition du jour.<\/p>\n<p>Reste que ses apparitions ont \u00e9t\u00e9 rares ces derniers mois, la faute aux blessures, aux s\u00e9lections et \u00e0 son aventure r\u00e9ussie \u00e0 7. Son retour en fin d\u2019ann\u00e9e devrait constituer un moment fort de la saison, renforc\u00e9 par l\u2019annonce tr\u00e8s attendue d\u2019une prolongation de contrat.<\/p>\n<p>Selon Midi Olympique, Antoine Dupont devrait bel et bien prolonger son contrat avec le Stade-Toulousain dans un avenir proche.<\/p>\n<p>Jamais un joueur n\u2019aura \u00e9t\u00e9 aussi pr\u00e9cieux, \u00e0 la fois pour son \u00e9quipe et pour l\u2019image de son club.<\/p>\n","protected":false},"excerpt":{"rendered":"Ic\u00f4ne du rugby fran\u00e7ais et atout marketing majeur, Antoine Dupont incarne aujourd\u2019hui bien plus qu\u2019un simple joueur pour&hellip;\n","protected":false},"author":2,"featured_media":319328,"comment_status":"","ping_status":"","sticky":false,"template":"","format":"standard","meta":{"footnotes":""},"categories":[1416],"tags":[1011,27,479,1468,60],"class_list":{"0":"post-319327","1":"post","2":"type-post","3":"status-publish","4":"format-standard","5":"has-post-thumbnail","7":"category-rugby","8":"tag-fr","9":"tag-france","10":"tag-rugby","11":"tag-rugby-football","12":"tag-sports"},"share_on_mastodon":{"url":"https:\/\/pubeurope.com\/@fr\/115028915988679619","error":""},"_links":{"self":[{"href":"https:\/\/www.europesays.com\/fr\/wp-json\/wp\/v2\/posts\/319327","targetHints":{"allow":["GET"]}}],"collection":[{"href":"https:\/\/www.europesays.com\/fr\/wp-json\/wp\/v2\/posts"}],"about":[{"href":"https:\/\/www.europesays.com\/fr\/wp-json\/wp\/v2\/types\/post"}],"author":[{"embeddable":true,"href":"https:\/\/www.europesays.com\/fr\/wp-json\/wp\/v2\/users\/2"}],"replies":[{"embeddable":true,"href":"https:\/\/www.europesays.com\/fr\/wp-json\/wp\/v2\/comments?post=319327"}],"version-history":[{"count":0,"href":"https:\/\/www.europesays.com\/fr\/wp-json\/wp\/v2\/posts\/319327\/revisions"}],"wp:featuredmedia":[{"embeddable":true,"href":"https:\/\/www.europesays.com\/fr\/wp-json\/wp\/v2\/media\/319328"}],"wp:attachment":[{"href":"https:\/\/www.europesays.com\/fr\/wp-json\/wp\/v2\/media?parent=319327"}],"wp:term":[{"taxonomy":"category","embeddable":true,"href":"https:\/\/www.europesays.com\/fr\/wp-json\/wp\/v2\/categories?post=319327"},{"taxonomy":"post_tag","embeddable":true,"href":"https:\/\/www.europesays.com\/fr\/wp-json\/wp\/v2\/tags?post=319327"}],"curies":[{"name":"wp","href":"https:\/\/api.w.org\/{rel}","templated":true}]}}