{"id":31933,"date":"2025-04-17T15:09:11","date_gmt":"2025-04-17T15:09:11","guid":{"rendered":"https:\/\/www.europesays.com\/fr\/31933\/"},"modified":"2025-04-17T15:09:11","modified_gmt":"2025-04-17T15:09:11","slug":"il-est-desormais-interdit-de-transporter-de-la-viande-et-des-produits-laitiers-pour-entrer-au-royaume-uni","status":"publish","type":"post","link":"https:\/\/www.europesays.com\/fr\/31933\/","title":{"rendered":"Il est d\u00e9sormais interdit de transporter de la viande et des produits laitiers pour entrer au Royaume-Uni"},"content":{"rendered":"<p>Charcuterie, viande crue (bovins, ovins, porcins, ch\u00e8vres, moutons), produits laitiers, sandwichs : depuis le samedi 12 avril 2025, \u00ab les voyageurs entrant au Royaume-Uni ne peuvent plus transporter ces denr\u00e9es en vue d\u2019une consommation personnelle, qu\u2019elles soient emball\u00e9es, conditionn\u00e9es sous vide ou achet\u00e9es en zone d\u00e9tax\u00e9e \u00bb, <a href=\"https:\/\/www.service-public.fr\/particuliers\/actualites\/A18229#:~:text=S%C3%A9curit%C3%A9%20alimentaire-,Il%20est%20d%C3%A9sormais%20interdit%20de%20transporter%20de%20la%20viande%20et,pour%20entrer%20au%20Royaume%2DUni&amp;text=Depuis%20le%2012%20avril%2C%20les,produits%20laitiers%20dans%20leurs%20bagages\" target=\"_blank\" rel=\"nofollow noopener\">informe l\u2019\u00c9tat fran\u00e7ais<\/a>.<\/p>\n<p><a href=\"https:\/\/www.gov.uk\/guidance\/imports-and-exports-of-animals-and-animal-products-topical-issues#foot-and-mouth-disease-fmd\" target=\"_blank\" rel=\"nofollow noopener\">Une mesure prise par le gouvernement britannique<\/a> pour prot\u00e9ger la fili\u00e8re agricole, alors que les cas de fi\u00e8vre aphteuse ont augment\u00e9 en Europe.<\/p>\n<p>Une amende de plusieurs milliers d\u2019euros<\/p>\n<p>En d\u00e9but d\u2019ann\u00e9e, des restrictions du m\u00eame acabit avaient \u00e9t\u00e9 prises sur l\u2019importation personnelle de viande et de produits laitiers en provenance d\u2019Allemagne, de Hongrie, de Slovaquie et d\u2019Autriche.<\/p>\n<p>Un voyageur qui poss\u00e8de ce type de denr\u00e9es dans son sac devra les remettre \u00e0 la douane. Dans le cas contraire, il encourt une amende pouvant aller jusqu\u2019\u00e0 5 000 livres sterling (environ 5 900 \u20ac) dans les cas les plus graves.<\/p>\n<p>\u00c0 noter que la l\u00e9gislation britannique pr\u00e9voit des cas d\u2019exemption, sur des quantit\u00e9s limit\u00e9es, notamment pour le lait destin\u00e9 aux nourrissons et les produits \u00e0 usage m\u00e9dical.<\/p>\n","protected":false},"excerpt":{"rendered":"Charcuterie, viande crue (bovins, ovins, porcins, ch\u00e8vres, moutons), produits laitiers, sandwichs : depuis le samedi 12 avril 2025,&hellip;\n","protected":false},"author":2,"featured_media":31934,"comment_status":"","ping_status":"","sticky":false,"template":"","format":"standard","meta":{"footnotes":""},"categories":[1588],"tags":[11,2822,765,1777,674,27,74,12,473,1853,2803,1851,1850,1852],"class_list":{"0":"post-31933","1":"post","2":"type-post","3":"status-publish","4":"format-standard","5":"has-post-thumbnail","7":"category-royaume-uni","8":"tag-actualites","9":"tag-douanes","10":"tag-en-continu","11":"tag-eu","12":"tag-europe","13":"tag-france","14":"tag-monde","15":"tag-news","16":"tag-royaume-uni","17":"tag-royaume-uni-de-grande-bretagne-et-dirlande-du-nord","18":"tag-transport","19":"tag-uk","20":"tag-united-kingdom","21":"tag-united-kingdom-of-great-britain-and-northern-ireland"},"share_on_mastodon":{"url":"https:\/\/pubeurope.com\/@fr\/114353940955954358","error":""},"_links":{"self":[{"href":"https:\/\/www.europesays.com\/fr\/wp-json\/wp\/v2\/posts\/31933","targetHints":{"allow":["GET"]}}],"collection":[{"href":"https:\/\/www.europesays.com\/fr\/wp-json\/wp\/v2\/posts"}],"about":[{"href":"https:\/\/www.europesays.com\/fr\/wp-json\/wp\/v2\/types\/post"}],"author":[{"embeddable":true,"href":"https:\/\/www.europesays.com\/fr\/wp-json\/wp\/v2\/users\/2"}],"replies":[{"embeddable":true,"href":"https:\/\/www.europesays.com\/fr\/wp-json\/wp\/v2\/comments?post=31933"}],"version-history":[{"count":0,"href":"https:\/\/www.europesays.com\/fr\/wp-json\/wp\/v2\/posts\/31933\/revisions"}],"wp:featuredmedia":[{"embeddable":true,"href":"https:\/\/www.europesays.com\/fr\/wp-json\/wp\/v2\/media\/31934"}],"wp:attachment":[{"href":"https:\/\/www.europesays.com\/fr\/wp-json\/wp\/v2\/media?parent=31933"}],"wp:term":[{"taxonomy":"category","embeddable":true,"href":"https:\/\/www.europesays.com\/fr\/wp-json\/wp\/v2\/categories?post=31933"},{"taxonomy":"post_tag","embeddable":true,"href":"https:\/\/www.europesays.com\/fr\/wp-json\/wp\/v2\/tags?post=31933"}],"curies":[{"name":"wp","href":"https:\/\/api.w.org\/{rel}","templated":true}]}}