{"id":319333,"date":"2025-08-14T20:08:12","date_gmt":"2025-08-14T20:08:12","guid":{"rendered":"https:\/\/www.europesays.com\/fr\/319333\/"},"modified":"2025-08-14T20:08:12","modified_gmt":"2025-08-14T20:08:12","slug":"komatsu-assure-que-la-relation-ocon-bearman-reste-solide","status":"publish","type":"post","link":"https:\/\/www.europesays.com\/fr\/319333\/","title":{"rendered":"Komatsu assure que la relation Ocon-Bearman reste solide\u2028"},"content":{"rendered":"<p>Pour Komatsu, la cl\u00e9 du duo Ocon\u2013Bearman r\u00e9side dans la confiance et le respect mutuel. Selon lui, ces valeurs suffisent \u00e0 garantir une cohabitation sereine, m\u00eame dans les moments tendus.<\/p>\n<blockquote>\n<p>\u201cLorsque vous m\u2019avez pos\u00e9 cette question \u00e0 la fin de l\u2019ann\u00e9e derni\u00e8re, j\u2019ai r\u00e9pondu que j\u2019\u00e9tais confiant, mais je ne disais pas cela juste pour dire. Je croyais vraiment que si nous construisions une base solide fond\u00e9e sur la confiance et le respect entre les pilotes et entre les pilotes et l\u2019\u00e9quipe, si cette base \u00e9tait en place, tout irait bien. Car nous ne pouvons pas tout faire correctement \u00e0 chaque fois. Certaines consignes d\u2019\u00e9quipe que nous allons donner pourraient \u00eatre une erreur, mais tant que nous avons des bases de confiance, de transparence et de respect, rien ne d\u00e9g\u00e9n\u00e9rera.\u201d Explique Komatsu, source : <a href=\"http:\/\/nextgen-auto.com\" target=\"_blank\" rel=\"noopener\">nextgen-auto.com<\/a>\u00a0<\/p>\n<\/blockquote>\n<p><b>L\u2019incident de Silverstone vite r\u00e9gl\u00e9<\/b><\/p>\n<p>Le contact en piste entre les deux pilotes \u00e0 Silverstone aurait pu semer la discorde. Mais Komatsu souligne que l\u2019affaire a \u00e9t\u00e9 r\u00e9gl\u00e9e imm\u00e9diatement gr\u00e2ce \u00e0 un dialogue franc dans le garage, \u00e9vitant toute escalade.<\/p>\n<blockquote>\n<p>\u201cMais nous nous sommes assis, nous en avons discut\u00e9, nous avons tous donn\u00e9 nos observations, nos opinions, nous avons dit \u2019voici ce que nous allons faire \u00e0 l\u2019avenir\u2019, sans aucun probl\u00e8me. Pour moi, c\u2019est donc la cl\u00e9\u00a0: simplement les bases, simplement la confiance, la transparence, le respect. Honn\u00eatement, ils ont tous les deux fait preuve d\u2019un excellent esprit d\u2019\u00e9quipe. Silverstone \u00e9tait un cas tr\u00e8s particulier o\u00f9 il n\u2019y avait qu\u2019une trajectoire s\u00e8che, ce qui a caus\u00e9 le probl\u00e8me.\u201d D\u00e9clare le Team Principal Haas, source : <a href=\"http:\/\/nextgen-auto.com\" target=\"_blank\" rel=\"noopener\">nextgen-auto.com<\/a>\u00a0<\/p>\n<\/blockquote>\n<p><b>Un objectif commun : la performance<\/b><\/p>\n<p>Chez Haas, la priorit\u00e9 reste de progresser au classement constructeurs. Pour y parvenir, l\u2019\u00e9quipe compte sur une collaboration \u00e9troite entre ses deux pilotes, plut\u00f4t que sur une rivalit\u00e9 qui pourrait nuire aux r\u00e9sultats.<\/p>\n<p>    Partagez cette info avec vos amis et vos proches en cliquant ici  <\/p>\n<p> Podcasts \u00e0 la une MEN LIFE <\/p>\n<p>    Haas : Komatsu \u00e9carte tout risque de tensions entre Ocon et Bearman\u2028<\/p>\n<p>Malgr\u00e9 un accrochage \u00e0 Silverstone, le patron de Haas, Ayao Komatsu, affirme que la relation entre Esteban Ocon et Oliver Bearman repose sur une base solide de confiance et de respect, garantissant une cohabitation sereine.<\/p>\n<p>R\u00e9dacteur<\/p>\n<p><img decoding=\"async\" width=\"76\" height=\"76\" loading=\"lazy\" src=\"https:\/\/www.europesays.com\/fr\/wp-content\/uploads\/2025\/04\/avatar-sport-am.png\" alt=\"Victor Teyssier\"\/><\/p>\n","protected":false},"excerpt":{"rendered":"Pour Komatsu, la cl\u00e9 du duo Ocon\u2013Bearman r\u00e9side dans la confiance et le respect mutuel. Selon lui, ces&hellip;\n","protected":false},"author":2,"featured_media":319334,"comment_status":"","ping_status":"","sticky":false,"template":"","format":"standard","meta":{"footnotes":""},"categories":[1412],"tags":[1451,1452,1453,1454,1455,1011,27,60],"class_list":{"0":"post-319333","1":"post","2":"type-post","3":"status-publish","4":"format-standard","5":"has-post-thumbnail","7":"category-f1","8":"tag-f1","9":"tag-formula-1","10":"tag-formula1","11":"tag-formule-1","12":"tag-formule1","13":"tag-fr","14":"tag-france","15":"tag-sports"},"share_on_mastodon":{"url":"https:\/\/pubeurope.com\/@fr\/115028931634318823","error":""},"_links":{"self":[{"href":"https:\/\/www.europesays.com\/fr\/wp-json\/wp\/v2\/posts\/319333","targetHints":{"allow":["GET"]}}],"collection":[{"href":"https:\/\/www.europesays.com\/fr\/wp-json\/wp\/v2\/posts"}],"about":[{"href":"https:\/\/www.europesays.com\/fr\/wp-json\/wp\/v2\/types\/post"}],"author":[{"embeddable":true,"href":"https:\/\/www.europesays.com\/fr\/wp-json\/wp\/v2\/users\/2"}],"replies":[{"embeddable":true,"href":"https:\/\/www.europesays.com\/fr\/wp-json\/wp\/v2\/comments?post=319333"}],"version-history":[{"count":0,"href":"https:\/\/www.europesays.com\/fr\/wp-json\/wp\/v2\/posts\/319333\/revisions"}],"wp:featuredmedia":[{"embeddable":true,"href":"https:\/\/www.europesays.com\/fr\/wp-json\/wp\/v2\/media\/319334"}],"wp:attachment":[{"href":"https:\/\/www.europesays.com\/fr\/wp-json\/wp\/v2\/media?parent=319333"}],"wp:term":[{"taxonomy":"category","embeddable":true,"href":"https:\/\/www.europesays.com\/fr\/wp-json\/wp\/v2\/categories?post=319333"},{"taxonomy":"post_tag","embeddable":true,"href":"https:\/\/www.europesays.com\/fr\/wp-json\/wp\/v2\/tags?post=319333"}],"curies":[{"name":"wp","href":"https:\/\/api.w.org\/{rel}","templated":true}]}}