{"id":319335,"date":"2025-08-14T20:09:11","date_gmt":"2025-08-14T20:09:11","guid":{"rendered":"https:\/\/www.europesays.com\/fr\/319335\/"},"modified":"2025-08-14T20:09:11","modified_gmt":"2025-08-14T20:09:11","slug":"si-cette-preparation-est-encadree-pas-de-risque-de-derapage-estime-un-medecin-specialiste","status":"publish","type":"post","link":"https:\/\/www.europesays.com\/fr\/319335\/","title":{"rendered":"\u00abSi cette pr\u00e9paration est encadr\u00e9e, pas de risque de d\u00e9rapage\u00bb, estime un m\u00e9decin sp\u00e9cialiste"},"content":{"rendered":"<p><strong>D\u00c9CRYPTAGE &#8211;<\/strong> M\u00e9decin en biotechnologies et sp\u00e9cialiste du dopage, G\u00e9rard Dine revient sur la pol\u00e9mique concernant la perte de poids de Pauline Ferrand-Pr\u00e9vot. En temp\u00e9rant les discours alarmistes.<\/p>\n<p class=\"fig-paragraph\">Depuis qu\u2019elle a\u00a0<a href=\"http:\/\/www.lefigaro.fr\/sports\/cyclisme\/apres-l-or-olympique-pauline-ferrand-prevot-dans-la-legende-du-tour-de-france-20250803\" data-fig-type=\"Article\" data-gtm-custom-categorie=\"navigation\" data-gtm-custom-action=\"crossclick\" data-gtm-custom-label=\"Contextuel\" data-gtm-event=\"customEventSPE\" data-fig-domain=\"LEFIGARO\" rel=\"nofollow noopener\" target=\"_blank\">remport\u00e9 le Tour de France f\u00e9minin<\/a>, Pauline Ferrand-Pr\u00e9vot se retrouve au c\u0153ur d\u2019une pol\u00e9mique concernant sa maigreur sur le v\u00e9lo, symbole d\u2019une inqui\u00e9tante course \u00e0 la perte de poids dans le peloton. En l\u2019espace d\u2019une dizaine de jours, plusieurs athl\u00e8tes\u00a0<a href=\"http:\/\/www.lefigaro.fr\/sports\/cyclisme\/tour-de-france\/tour-de-france-femmes-le-risque-est-reel-alerte-la-laureate-de-l-edition-2023-a-propos-de-la-maigreur-dans-le-peloton-20250808\" data-fig-type=\"NewsFlash\" data-gtm-custom-categorie=\"navigation\" data-gtm-custom-action=\"crossclick\" data-gtm-custom-label=\"Contextuel\" data-gtm-event=\"customEventSPE\" data-fig-domain=\"LEFIGARO\" rel=\"nofollow noopener\" target=\"_blank\">ont exprim\u00e9 leurs inqui\u00e9tudes et mercredi,\u00a0<\/a>le d\u00e9bat a \u00e9t\u00e9 relanc\u00e9\u00a0<a href=\"http:\/\/www.lefigaro.fr\/sports\/cyclisme\/cyclisme-ferrand-prevot-a-etabli-une-nouvelle-norme-une-concurrente-preoccupee-par-la-perte-de-poids-de-la-francaise-20250813\" data-fig-type=\"NewsFlash\" data-gtm-custom-categorie=\"navigation\" data-gtm-custom-action=\"crossclick\" data-gtm-custom-label=\"Contextuel\" data-gtm-event=\"customEventSPE\" data-fig-domain=\"LEFIGARO\" rel=\"nofollow noopener\" target=\"_blank\">par les propos d\u00e9rangeants de Marlen Russer<\/a>.<\/p>\n<p class=\"fig-paragraph\">Dans le quotidien Tages-Anzeiger, celle-ci a avou\u00e9 qu\u2019elle \u00abesp\u00e9rait secr\u00e8tement\u00bb que la Fran\u00e7aise \u00abne gagne pas\u00bb. \u00abElle a \u00e9tabli une nouvelle norme et lorsque des coureuses connaissent le succ\u00e8s, \u00e7a nous met la pression\u00bb, a l\u00e2ch\u00e9 la Suissesse, qui a abandonn\u00e9 d\u00e8s la premi\u00e8re \u00e9tape de la Grande Boucle. La cycliste professionnelle est all\u00e9e plus loin encore en d\u00e9plorant l\u2019image n\u00e9gative renvoy\u00e9e par<a href=\"http:\/\/www.lefigaro.fr\/sports\/jeux-olympiques\/jo-paris-2024-pauline-ferrand-prevot-la-patience-est-d-or-20240728\" data-fig-type=\"Article\" data-gtm-custom-categorie=\"navigation\" data-gtm-custom-action=\"crossclick\" data-gtm-custom-label=\"Contextuel\" data-gtm-event=\"customEventSPE\" data-fig-domain=\"LEFIGARO\" rel=\"nofollow noopener\" target=\"_blank\">\u00a0la championne olympique<\/a>\u00a0de VTT qui avait r\u00e9v\u00e9l\u00e9 avoir perdu quatre kilos suppl\u00e9mentaires de masse graisseuse en vue du Tour de France\u00a0: \u00abLorsqu\u2019elle exhibe son nouveau maillot et est visiblement fi\u00e8re qu\u2019il soit\u2026<\/p>\n<p class=\"fig-premium-paywall__infos\">\n        Cet article est r\u00e9serv\u00e9 aux abonn\u00e9s.        Il vous reste 82% \u00e0 d\u00e9couvrir.\n    <\/p>\n<p>                <img  data- alt=\"Le Figaro\" class=\"fig-img--complete fig-img\"\/><\/p>\n<p class=\"fig-premium-paywall__title\">Vente Flash<\/p>\n<p class=\"fig-premium-paywall__subtitle\">4,99\u20ac par mois pendant 12 mois. Sans engagement<\/p>\n<p class=\"fig-premium-paywall__connect\">\n                D\u00e9j\u00e0 abonn\u00e9\u00a0?                <a class=\"fig-premium-paywall__connect-link\" href=\"https:\/\/connect.lefigaro.fr\/login?client=horizon_web&amp;type=main&amp;redirect_uri=https%3A%2F%2Fwww.lefigaro.fr%2Fsports%2Fcyclisme%2Fmaigreur-de-ferrand-prevot-et-dans-le-peloton-feminin-si-cette-preparation-est-encadree-pas-de-risque-de-derapage-estime-un-medecin-specialiste-20250814\" data-js-gtm=\"{&quot;customCategorie&quot;: &quot;conversion&quot;, &quot;customAction&quot;: &quot;before_Landing_Connexion_paywall_auto&quot;, &quot;customLabel&quot;: &quot;bGVmaWdhcm8uZnJfXzFmMDc5Mjk5LWMwZDMtNjBkYy1iZDEwLTc1YWRkNTQ3NjI1MV9fTmV3c0ZsYXNo_D\u00e9bat autour de Ferrand-Pr\u00e9vot et la perte de poids\u00a0: \u00abSi cette pr\u00e9paration est encadr\u00e9e, pas de risque de d\u00e9rapage\u00bb, estime un m\u00e9decin sp\u00e9cialiste_617&quot;, &quot;customIDSPE&quot;: &quot;bGVmaWdhcm8uZnJfXzFmMDc5Mjk5LWMwZDMtNjBkYy1iZDEwLTc1YWRkNTQ3NjI1MV9fTmV3c0ZsYXNo&quot;, &quot;event&quot;: &quot;customEventSPE&quot;}\" rel=\"nofollow noopener\" target=\"_blank\"><br \/>\n                    Connectez-vous<br \/>\n                <\/a>\n            <\/p>\n","protected":false},"excerpt":{"rendered":"D\u00c9CRYPTAGE &#8211; M\u00e9decin en biotechnologies et sp\u00e9cialiste du dopage, G\u00e9rard Dine revient sur la pol\u00e9mique concernant la perte&hellip;\n","protected":false},"author":2,"featured_media":319336,"comment_status":"","ping_status":"","sticky":false,"template":"","format":"standard","meta":{"footnotes":""},"categories":[1411],"tags":[1154,207,1011,27,8011,60,210],"class_list":{"0":"post-319335","1":"post","2":"type-post","3":"status-publish","4":"format-standard","5":"has-post-thumbnail","7":"category-cyclisme","8":"tag-cycling","9":"tag-cyclisme","10":"tag-fr","11":"tag-france","12":"tag-pauline-ferrand-prevot","13":"tag-sports","14":"tag-tour-de-france"},"share_on_mastodon":{"url":"https:\/\/pubeurope.com\/@fr\/115028935622969329","error":""},"_links":{"self":[{"href":"https:\/\/www.europesays.com\/fr\/wp-json\/wp\/v2\/posts\/319335","targetHints":{"allow":["GET"]}}],"collection":[{"href":"https:\/\/www.europesays.com\/fr\/wp-json\/wp\/v2\/posts"}],"about":[{"href":"https:\/\/www.europesays.com\/fr\/wp-json\/wp\/v2\/types\/post"}],"author":[{"embeddable":true,"href":"https:\/\/www.europesays.com\/fr\/wp-json\/wp\/v2\/users\/2"}],"replies":[{"embeddable":true,"href":"https:\/\/www.europesays.com\/fr\/wp-json\/wp\/v2\/comments?post=319335"}],"version-history":[{"count":0,"href":"https:\/\/www.europesays.com\/fr\/wp-json\/wp\/v2\/posts\/319335\/revisions"}],"wp:featuredmedia":[{"embeddable":true,"href":"https:\/\/www.europesays.com\/fr\/wp-json\/wp\/v2\/media\/319336"}],"wp:attachment":[{"href":"https:\/\/www.europesays.com\/fr\/wp-json\/wp\/v2\/media?parent=319335"}],"wp:term":[{"taxonomy":"category","embeddable":true,"href":"https:\/\/www.europesays.com\/fr\/wp-json\/wp\/v2\/categories?post=319335"},{"taxonomy":"post_tag","embeddable":true,"href":"https:\/\/www.europesays.com\/fr\/wp-json\/wp\/v2\/tags?post=319335"}],"curies":[{"name":"wp","href":"https:\/\/api.w.org\/{rel}","templated":true}]}}