{"id":319341,"date":"2025-08-14T20:12:13","date_gmt":"2025-08-14T20:12:13","guid":{"rendered":"https:\/\/www.europesays.com\/fr\/319341\/"},"modified":"2025-08-14T20:12:13","modified_gmt":"2025-08-14T20:12:13","slug":"puygouzon-latelier-darts-plastiques-reste-ouvert-en-ete","status":"publish","type":"post","link":"https:\/\/www.europesays.com\/fr\/319341\/","title":{"rendered":"Puygouzon. L\u2019atelier d\u2019arts plastiques reste ouvert en \u00e9t\u00e9"},"content":{"rendered":"<p>Annie Jeunet l\u2019enseignante artiste peintre dipl\u00f4m\u00e9e des Beaux-Arts ne prend pas de vacances estivales. Au sein de l\u2019atelier situ\u00e9 dans la salle de Creyssens, les cours continuent avec des ajustements possibles, selon la fr\u00e9quentation. L\u2019occasion vous est donn\u00e9e de vous familiariser aux fondamentaux du dessin au crayon, au fusain, \u00e0 l\u2019encre, et aux diverses techniques picturales : l\u2019aquarelle, la peinture \u00e0 l\u2019huile et \u00e0 l\u2019acrylique\u2026 \u00ab\u00a0L\u2019apprentissage du dessin et de la peinture est un voyage enrichissant et transformateur\u00a0\u00bb pr\u00e9cise Annie. Cette derni\u00e8re guide avec beaucoup de passion et de professionnalisme les \u00e9l\u00e8ves tout au long du processus de cr\u00e9ation. La palette des expressions plastiques pratiqu\u00e9es \u00e0 l\u2019atelier est grande : aquarelle, huile, acrylique, encre de chine, pastel, couleurs, graphisme.\u00a0\u00bb D\u00e9velopper votre sens de l\u2019observation et garder \u00e0 port\u00e9e de main un carnet de croquis !\u00a0\u00bb, souligne Annie. L\u2019atmosph\u00e8re est studieuse et d\u00e9contract\u00e9e, la salle du rez-de-chauss\u00e9e face \u00e0 l\u2019\u00e9glise est ouverte le mercredi et jeudi de 13h \u00e0 17h.<\/p>\n<p>Contacts Annie Jeunet : 05 63 55 33 10 \/ 06 67 56 19 44 ou Anne Marie Galini\u00e9 : <a href=\"https:\/\/www.ladepeche.fr\/2025\/08\/14\/mailto:anne-marie.galinie@orange.fr\" target=\"_blank\" rel=\"noopener\">anne-marie.galinie@orange.fr<\/a> \u2013 06 10 03 40 31.<\/p>\n","protected":false},"excerpt":{"rendered":"Annie Jeunet l\u2019enseignante artiste peintre dipl\u00f4m\u00e9e des Beaux-Arts ne prend pas de vacances estivales. Au sein de l\u2019atelier&hellip;\n","protected":false},"author":2,"featured_media":319342,"comment_status":"","ping_status":"","sticky":false,"template":"","format":"standard","meta":{"footnotes":""},"categories":[1358],"tags":[1348,1384,1385,1386,58,59,1011,27],"class_list":{"0":"post-319341","1":"post","2":"type-post","3":"status-publish","4":"format-standard","5":"has-post-thumbnail","7":"category-arts-et-design","8":"tag-arts","9":"tag-arts-and-design","10":"tag-arts-et-design","11":"tag-design","12":"tag-divertissement","13":"tag-entertainment","14":"tag-fr","15":"tag-france"},"share_on_mastodon":{"url":"https:\/\/pubeurope.com\/@fr\/115028947352950733","error":""},"_links":{"self":[{"href":"https:\/\/www.europesays.com\/fr\/wp-json\/wp\/v2\/posts\/319341","targetHints":{"allow":["GET"]}}],"collection":[{"href":"https:\/\/www.europesays.com\/fr\/wp-json\/wp\/v2\/posts"}],"about":[{"href":"https:\/\/www.europesays.com\/fr\/wp-json\/wp\/v2\/types\/post"}],"author":[{"embeddable":true,"href":"https:\/\/www.europesays.com\/fr\/wp-json\/wp\/v2\/users\/2"}],"replies":[{"embeddable":true,"href":"https:\/\/www.europesays.com\/fr\/wp-json\/wp\/v2\/comments?post=319341"}],"version-history":[{"count":0,"href":"https:\/\/www.europesays.com\/fr\/wp-json\/wp\/v2\/posts\/319341\/revisions"}],"wp:featuredmedia":[{"embeddable":true,"href":"https:\/\/www.europesays.com\/fr\/wp-json\/wp\/v2\/media\/319342"}],"wp:attachment":[{"href":"https:\/\/www.europesays.com\/fr\/wp-json\/wp\/v2\/media?parent=319341"}],"wp:term":[{"taxonomy":"category","embeddable":true,"href":"https:\/\/www.europesays.com\/fr\/wp-json\/wp\/v2\/categories?post=319341"},{"taxonomy":"post_tag","embeddable":true,"href":"https:\/\/www.europesays.com\/fr\/wp-json\/wp\/v2\/tags?post=319341"}],"curies":[{"name":"wp","href":"https:\/\/api.w.org\/{rel}","templated":true}]}}