{"id":319343,"date":"2025-08-14T20:13:12","date_gmt":"2025-08-14T20:13:12","guid":{"rendered":"https:\/\/www.europesays.com\/fr\/319343\/"},"modified":"2025-08-14T20:13:12","modified_gmt":"2025-08-14T20:13:12","slug":"les-livres-et-les-arts-sepanouissent-dans-la-cite-vauban-de-villefranche-de-conflent","status":"publish","type":"post","link":"https:\/\/www.europesays.com\/fr\/319343\/","title":{"rendered":"Les livres et les arts s\u2019\u00e9panouissent dans la cit\u00e9 Vauban de Villefranche-de-Conflent"},"content":{"rendered":"<p>\n                                                                30 auteurs et une dizaine d\u2019artistes au rendez-vous du salon du livre et des arts.\n                            <\/p>\n<p>Depuis maintenant trois \u00e9t\u00e9s cons\u00e9cutifs, le salon du livre et des arts s\u2019installe \u00e0 Villefranche-de-Conflent. Un rendez-vous bien ancr\u00e9 dans le calendrier culturel de la cit\u00e9 conflentoise qui revient<b> dimanche 17 ao\u00fbt,<\/b> de 9 h \u00e0 18 h.<\/p>\n<p>\u00ab\u00a0Parce qu\u2019il a tout ce qu\u2019on aime dans un salon du livre\u00a0\u00bb, c\u2019est ainsi que le r\u00e9sume simplement le Cercle des auteurs catalans (CAC) , organisateur de l\u2019\u00e9v\u00e9nement aux c\u00f4t\u00e9s de la municipalit\u00e9 et de la Boutique du champignon.<\/p>\n<p>Une ambiance simple, des rencontres vraies, un public fid\u00e8le et curieux, et dans un cadre exceptionnel qui donne envie de revenir. Cette nouvelle \u00e9dition rassemblera pr\u00e8s de 30 auteurs et une dizaine d\u2019artistes dans les remparts de la ville.<\/p>\n<p><b>Le retour d\u2019Adrien Baillayre<\/b><\/p>\n<p>\u00ab\u00a0C\u2019est un salon qui valorise les auteurs du coin tout en s\u2019ouvrant \u00e0 d\u2019autres horizons, qui cr\u00e9e du lien entre les acteurs culturels et les habitants. Il montre qu\u2019on peut faire vivre la litt\u00e9rature ici, dans nos villages, et que \u00e7a touche les gens\u00a0\u00bb, souligne Eva Saracino, copr\u00e9sidente du CAC66.<\/p>\n<p>Parmi les temps forts de cette \u00e9dition, le retour d\u2019Adrien Baillayre, l\u2019un des plus jeunes auteurs invit\u00e9s. Journaliste et \u00e9crivain originaire de Vernet-les-Bains, actuellement en alternance dans un journal du Gard, il revient exceptionnellement dans sa terre natale pour lancer officiellement la sortie de son troisi\u00e8me ouvrage : Spleen d\u2019une nouvelle g\u00e9n\u00e9ration.<\/p>\n<p>\u00ab\u00a0Je suis fier et honor\u00e9 de pouvoir lancer et inaugurer cette nouvelle aventure litt\u00e9raire, et avant tout humaine, dans l\u2019un des joyaux de mon d\u00e9partement\u00a0\u00bb, confie-t-il.<\/p>\n<p>Fruit d\u2019un long travail d\u2019enqu\u00eate et de r\u00e9flexion, ce livre dresse un portrait sans fard de la jeunesse contemporaine. Pens\u00e9es, confidences, tensions intimes et collectives, tout converge ici pour raconter une g\u00e9n\u00e9ration tiraill\u00e9e entre l\u2019h\u00e9ritage d\u2019hier et l\u2019incertitude de demain, plong\u00e9e dans un monde boulevers\u00e9 par le num\u00e9rique, les mutations sociales et les crises politiques.<\/p>\n<p><b>Solidarit\u00e9<\/b><\/p>\n<p>Dans une d\u00e9marche solidaire, un euro sera revers\u00e9 \u00e0 l\u2019association Alice et les petits guerriers pour chaque exemplaire vendu. \u00ab\u00a0Il n\u2019y a pas de cause plus juste que celle d\u2019offrir un avenir, une lumi\u00e8re, \u00e0 ceux qui n\u2019y croient plus. Il n\u2019y a pas d\u2019image plus forte qu\u2019un enfant qui retrouve le sourire\u00a0\u00bb, pr\u00e9cise l\u2019auteur.<\/p>\n<p>Il sera accompagn\u00e9, pour cette rencontre in\u00e9dite par Justine Sarrau, benjamine du salon. \u00c2g\u00e9e de 19 ans, cette jeune \u00e9crivaine sol\u00e9rienne a contribu\u00e9 \u00e0 l\u2019ouvrage en signant la pr\u00e9face.<\/p>\n<p>Culture, bonne humeur et solidarit\u00e9 seront au rendez-vous de ce quatri\u00e8me salon du livre et des arts de Villefranche-de-Conflent.<\/p>\n","protected":false},"excerpt":{"rendered":"30 auteurs et une dizaine d\u2019artistes au rendez-vous du salon du livre et des arts. Depuis maintenant trois&hellip;\n","protected":false},"author":2,"featured_media":319344,"comment_status":"","ping_status":"","sticky":false,"template":"","format":"standard","meta":{"footnotes":""},"categories":[1357],"tags":[1379,58,59,1011,27,1380],"class_list":{"0":"post-319343","1":"post","2":"type-post","3":"status-publish","4":"format-standard","5":"has-post-thumbnail","7":"category-livres","8":"tag-books","9":"tag-divertissement","10":"tag-entertainment","11":"tag-fr","12":"tag-france","13":"tag-livres"},"share_on_mastodon":{"url":"https:\/\/pubeurope.com\/@fr\/115028951355702731","error":""},"_links":{"self":[{"href":"https:\/\/www.europesays.com\/fr\/wp-json\/wp\/v2\/posts\/319343","targetHints":{"allow":["GET"]}}],"collection":[{"href":"https:\/\/www.europesays.com\/fr\/wp-json\/wp\/v2\/posts"}],"about":[{"href":"https:\/\/www.europesays.com\/fr\/wp-json\/wp\/v2\/types\/post"}],"author":[{"embeddable":true,"href":"https:\/\/www.europesays.com\/fr\/wp-json\/wp\/v2\/users\/2"}],"replies":[{"embeddable":true,"href":"https:\/\/www.europesays.com\/fr\/wp-json\/wp\/v2\/comments?post=319343"}],"version-history":[{"count":0,"href":"https:\/\/www.europesays.com\/fr\/wp-json\/wp\/v2\/posts\/319343\/revisions"}],"wp:featuredmedia":[{"embeddable":true,"href":"https:\/\/www.europesays.com\/fr\/wp-json\/wp\/v2\/media\/319344"}],"wp:attachment":[{"href":"https:\/\/www.europesays.com\/fr\/wp-json\/wp\/v2\/media?parent=319343"}],"wp:term":[{"taxonomy":"category","embeddable":true,"href":"https:\/\/www.europesays.com\/fr\/wp-json\/wp\/v2\/categories?post=319343"},{"taxonomy":"post_tag","embeddable":true,"href":"https:\/\/www.europesays.com\/fr\/wp-json\/wp\/v2\/tags?post=319343"}],"curies":[{"name":"wp","href":"https:\/\/api.w.org\/{rel}","templated":true}]}}