{"id":319345,"date":"2025-08-14T20:14:10","date_gmt":"2025-08-14T20:14:10","guid":{"rendered":"https:\/\/www.europesays.com\/fr\/319345\/"},"modified":"2025-08-14T20:14:10","modified_gmt":"2025-08-14T20:14:10","slug":"les-anges-de-la-tele-realite-cest-fait-lemission-culte-est-de-retour-sur-tfx","status":"publish","type":"post","link":"https:\/\/www.europesays.com\/fr\/319345\/","title":{"rendered":"\u00ab\u00a0Les Anges de la t\u00e9l\u00e9-r\u00e9alit\u00e9\u00a0\u00bb : c\u2019est fait, l\u2019\u00e9mission culte est de retour sur TFX"},"content":{"rendered":"<p>      R\u00e9sum\u00e9<\/p>\n<p>Le programme phare \u00ab Les Anges de la t\u00e9l\u00e9-r\u00e9alit\u00e9 \u00bb reviendra sur TFX au printemps 2026 avec un nouveau casting et un tournage pr\u00e9vu d\u00e8s janvier.<\/p>\n<p>        Sommaire<\/p>\n<p>C&rsquo;est fait ! En septembre dernier, <a href=\"https:\/\/www.public.fr\/exclu-public-les-anges-de-la-tele-realite-bel-et-bien-de-retour-tout-ce-quil-faut-savoir-sur-la-nouvelle-saison\" target=\"_blank\" rel=\"noopener\">Public vous r\u00e9v\u00e9lait en exclusivit\u00e9<\/a> le grand retour des Anges de la t\u00e9l\u00e9-r\u00e9alit\u00e9 sur TFX. Nous vous r\u00e9v\u00e9lions ainsi que <strong>le format avait \u00e9t\u00e9 rachet\u00e9 par Arthur via sa filiale Ah ! Production<\/strong>. Apr\u00e8s avoir propos\u00e9 la rediffusion de toutes les saisons sur la plateforme TF1+ et constat\u00e9 l&rsquo;entrain du public pour la marque, le groupe aurait ainsi valid\u00e9 la signature d&rsquo;une nouvelle saison. Le format culte, lanc\u00e9 par NRJ12 en 2011, <strong>avait \u00e9t\u00e9 arr\u00eat\u00e9 au bout de douze saisons<\/strong>. La derni\u00e8re \u00e9dition, programm\u00e9e en plein Covid, avait \u00e9t\u00e9 une catastrophe industrielle.<\/p>\n<p>Mais le format reste iconique, et TFX et <a href=\"https:\/\/www.public.fr\/arthur-lanimateur-debarque-a-lelysee\" target=\"_blank\" rel=\"noopener\">Arthur<\/a> en sont conscients&#8230; Depuis plusieurs mois, les \u00e9quipes d&rsquo;Ah ! Production travaillent sur le retour de la marque. Et selon le blogueur Aqababe, le tournage approche \u00e0 grand pas. En effet, la nouvelle saison des Anges de la t\u00e9l\u00e9-r\u00e9alit\u00e9 devrait se tourner d\u00e8s le mois de janvier prochain. La diffusion devrait donc <strong>se faire au printemps 2026<\/strong>. <\/p>\n<p>Qui va participer aux nouveaux Anges de la t\u00e9l\u00e9-r\u00e9alit\u00e9 ?<\/p>\n<p>Pour rappel, dans <strong>Les anges de la t\u00e9l\u00e9-r\u00e9alit\u00e9<\/strong>, des candidats issus de divers programmes de t\u00e9l\u00e9-r\u00e9alit\u00e9 comme Secret Story, La villa des c\u0153urs bris\u00e9s ou L&rsquo;\u00eele de la tentation, tentent de mener \u00e0 bien un projet professionnel. Il ne s&rsquo;agit-l\u00e0 que d&rsquo;un pr\u00e9texte puisque le format est surtout connu <strong>pour proposer une cohabitation tr\u00e8s anim\u00e9e entre les candidats<\/strong>. Les s\u00e9quences de ce programme sont devenues culte au fil des ann\u00e9es. Les anges ont ainsi propuls\u00e9 de nombreux influenceurs, comme Thomas Vergara, <a href=\"https:\/\/vsd.fr\/81024-laurent-ruquier-choque-par-la-presence-de-nabilla-a-cannes-elle-lui-repond-sechement\/\" target=\"_blank\" rel=\"noopener\">Nabilla<\/a>, Am\u00e9lie Neten ou encore Ayem Nour et Capucine Anav.<\/p>\n<p>Avant de relancer Les anges, TFX va relancer un autre format culte qu&rsquo;elle avait mis au repos ces derni\u00e8res ann\u00e9es : <strong>La bataille des couples<\/strong>. Toujours selon Aqababe, le tournage a d\u00e9j\u00e0 d\u00e9marr\u00e9. Les couples qui s&rsquo;affronteront seront Sparkdise et Wesley Krid, Jazz et Emine, Emma Keitmann et Lyssandre, M\u00e9lanie ORL et Maissane, Gabriel Ayuso et Lisa-Marie, et Cynthia Makhoul et Giovanni Prat. A noter que M6 \u00e9galement <a href=\"https:\/\/www.public.fr\/qui-veut-epouser-mon-fils-va-renaitre-tout-savoir-sur-le-retour-de-lemission-de-dating-avec-a-sa-tete-une-miss-france\" target=\"_blank\" rel=\"noopener\">s&rsquo;appr\u00eate \u00e0 relancer une autre t\u00e9l\u00e9-r\u00e9alit\u00e9 culte<\/a> : il s&rsquo;agit de <strong>Qui veut \u00e9pouser mon fils<\/strong>.<\/p>\n<p>      Mentionn\u00e9s dans cet article<\/p>\n<p>      Sur le m\u00eame sujet<\/p>\n","protected":false},"excerpt":{"rendered":"R\u00e9sum\u00e9 Le programme phare \u00ab Les Anges de la t\u00e9l\u00e9-r\u00e9alit\u00e9 \u00bb reviendra sur TFX au printemps 2026 avec&hellip;\n","protected":false},"author":2,"featured_media":319346,"comment_status":"","ping_status":"","sticky":false,"template":"","format":"standard","meta":{"footnotes":""},"categories":[1356],"tags":[58,59,1011,27,27429,6117,252,199,1364],"class_list":{"0":"post-319345","1":"post","2":"type-post","3":"status-publish","4":"format-standard","5":"has-post-thumbnail","7":"category-television","8":"tag-divertissement","9":"tag-entertainment","10":"tag-fr","11":"tag-france","12":"tag-les-anges","13":"tag-nrj-12","14":"tag-television","15":"tag-tf1","16":"tag-tv"},"share_on_mastodon":{"url":"https:\/\/pubeurope.com\/@fr\/115028955313329235","error":""},"_links":{"self":[{"href":"https:\/\/www.europesays.com\/fr\/wp-json\/wp\/v2\/posts\/319345","targetHints":{"allow":["GET"]}}],"collection":[{"href":"https:\/\/www.europesays.com\/fr\/wp-json\/wp\/v2\/posts"}],"about":[{"href":"https:\/\/www.europesays.com\/fr\/wp-json\/wp\/v2\/types\/post"}],"author":[{"embeddable":true,"href":"https:\/\/www.europesays.com\/fr\/wp-json\/wp\/v2\/users\/2"}],"replies":[{"embeddable":true,"href":"https:\/\/www.europesays.com\/fr\/wp-json\/wp\/v2\/comments?post=319345"}],"version-history":[{"count":0,"href":"https:\/\/www.europesays.com\/fr\/wp-json\/wp\/v2\/posts\/319345\/revisions"}],"wp:featuredmedia":[{"embeddable":true,"href":"https:\/\/www.europesays.com\/fr\/wp-json\/wp\/v2\/media\/319346"}],"wp:attachment":[{"href":"https:\/\/www.europesays.com\/fr\/wp-json\/wp\/v2\/media?parent=319345"}],"wp:term":[{"taxonomy":"category","embeddable":true,"href":"https:\/\/www.europesays.com\/fr\/wp-json\/wp\/v2\/categories?post=319345"},{"taxonomy":"post_tag","embeddable":true,"href":"https:\/\/www.europesays.com\/fr\/wp-json\/wp\/v2\/tags?post=319345"}],"curies":[{"name":"wp","href":"https:\/\/api.w.org\/{rel}","templated":true}]}}