{"id":319347,"date":"2025-08-14T20:15:16","date_gmt":"2025-08-14T20:15:16","guid":{"rendered":"https:\/\/www.europesays.com\/fr\/319347\/"},"modified":"2025-08-14T20:15:16","modified_gmt":"2025-08-14T20:15:16","slug":"megadeth-un-ultime-album-en-2026-et-une-tournee-dadieu","status":"publish","type":"post","link":"https:\/\/www.europesays.com\/fr\/319347\/","title":{"rendered":"MEGADETH Un ultime album en 2026 et une tourn\u00e9e d&rsquo;adieu"},"content":{"rendered":"<p>\t\t\t\t\t<img decoding=\"async\" src=\"https:\/\/www.europesays.com\/fr\/wp-content\/uploads\/2025\/08\/MEGADETH-2025.jpg\" style=\"width: 850px; height: 485px;\"\/>&#13;<\/p>\n<p>\u00a9 Ross Halfin | BLKIIBLK<\/p>\n<p>&#13;<\/p>\n<p>&#13;<br \/>\nAujourd&rsquo;hui, <strong>Dave Mustaine<\/strong>, membre fondateur du groupe <strong>MEGADETH<\/strong>, a r\u00e9v\u00e9l\u00e9 dans un message publi\u00e9 sur les r\u00e9seaux sociaux et partag\u00e9 directement avec ses fans du monde entier et sa Cyber Army que son prochain album (pr\u00e9vu pour le d\u00e9but de l&rsquo;ann\u00e9e prochaine) serait le dernier album studio de la carri\u00e8re de <strong>MEGADETH<\/strong>. Le chanteur\/guitariste a fait cette annonce par le biais de son alter ego Vic Rattlehead. <strong>Dave <\/strong>a \u00e9galement r\u00e9v\u00e9l\u00e9 que le groupe se lancera dans une tourn\u00e9e d&rsquo;adieu mondiale qui d\u00e9butera en 2026. Une nouvelle autobiographie du frontman de <strong>MEGADETH <\/strong>est \u00e9galement pr\u00e9vue pour 2026, dont les d\u00e9tails seront r\u00e9v\u00e9l\u00e9s dans les mois \u00e0 venir.<\/p>\n<p>\u00ab Il y a tellement de musiciens qui ont mis fin \u00e0 leur carri\u00e8re, que ce soit accidentellement ou intentionnellement \u00bb, d\u00e9clare <strong>Dave Mustaine<\/strong>. \u00ab La plupart d&rsquo;entre eux ne peuvent pas partir \u00e0 leur guise au sommet de leur gloire, et c&rsquo;est l\u00e0 o\u00f9 j&rsquo;en suis dans ma vie en ce moment. J&rsquo;ai parcouru le monde et je me suis fait des millions et des millions de fans, et le plus difficile dans tout cela, c&rsquo;est de leur dire au revoir. Nous sommes impatients que vous \u00e9coutiez cet album et que vous nous voyiez en tourn\u00e9e. S&rsquo;il y a jamais eu un moment id\u00e9al pour sortir un nouvel album, c&rsquo;est maintenant. S&rsquo;il y a jamais eu un moment id\u00e9al pour faire une tourn\u00e9e mondiale, c&rsquo;est maintenant. C&rsquo;est aussi le moment id\u00e9al pour vous annoncer que ce sera notre dernier album studio. Nous nous sommes fait beaucoup d&rsquo;amis au fil des ann\u00e9es et j&rsquo;esp\u00e8re vous voir tous lors de notre tourn\u00e9e d&rsquo;adieu mondiale. Ne soyez pas en col\u00e8re, ne soyez pas tristes, soyez heureux pour nous tous, venez c\u00e9l\u00e9brer avec moi ces prochaines ann\u00e9es. Nous avons accompli ensemble quelque chose de vraiment merveilleux qui ne se reproduira probablement jamais. Nous avons lanc\u00e9 un style musical, nous avons d\u00e9clench\u00e9 une r\u00e9volution, nous avons chang\u00e9 le monde de la guitare et la fa\u00e7on dont elle est jou\u00e9e, et nous avons chang\u00e9 le monde aussi. Les groupes dans lesquels j&rsquo;ai jou\u00e9 ont influenc\u00e9 le monde. Je vous aime tous pour cela. Merci pour tout. \u00bb<\/p>\n<p><strong>MEGADETH <\/strong>sortira son prochain et ultime album sur le label Tradecraft de<strong> Dave Mustaine<\/strong>, en partenariat avec le nouveau label BLKIIBLK de Frontiers Label Group. Il sera lanc\u00e9 avec le premier single du projet (\u00e0 confirmer) et sera disponible en pr\u00e9commande dans le monde entier cet automne.<\/p>\n<p>Les fans peuvent cliquer sur ce lien\u00a0: <a href=\"https:\/\/www.megadeth.com\/\" target=\"_blank\" rel=\"noopener\">Megadeth.com<\/a>\u00a0pour s&rsquo;inscrire et b\u00e9n\u00e9ficier d&rsquo;un acc\u00e8s anticip\u00e9 \u00e0 des informations et offres exclusives concernant le dernier album \u00e0 venir et toutes les actualit\u00e9s de <strong>MEGADETH<\/strong>. De plus, les premi\u00e8res dates de la tourn\u00e9e d&rsquo;adieu seront annonc\u00e9es plus tard dans l&rsquo;ann\u00e9e.<\/p>\n<p style=\"text-align: center;\"><img decoding=\"async\" src=\"https:\/\/www.europesays.com\/fr\/wp-content\/uploads\/2025\/08\/483308.jpg\" style=\"height: 500px; width: 500px;\"\/><\/p>\n<p>\t\t\t\t\t\t<img loading=\"lazy\" decoding=\"async\" src=\"https:\/\/www.europesays.com\/fr\/wp-content\/uploads\/2025\/08\/WP_20140517_012_200x200.png\" width=\"100\" height=\"100\" class=\"circle\" alt=\"Blogger : Christophe Droit\" title=\"Christophe Droit\"\/>\t\t\t\t\t\t<\/p>\n<p>Au sujet de l&rsquo;auteur<\/p>\n<p>Christophe Droit<\/p>\n<p>Animateur radio chevronn\u00e9 de la r\u00e9gion toulousaine, fid\u00e8le partenaire de HARD FORCE depuis toujours, Christophe, alias \u00ab\u00a0Godzilla\u00a0\u00bb, a particip\u00e9 \u00e0 l&rsquo;\u00e9laboration du projet Radio Force (CD &amp; Musique) encart\u00e9 dans le magazine jusqu&rsquo;en 2000. &#13;<br \/>\nDepuis 2008, il supervise l&rsquo;\u00e9quipe et l&rsquo;actualit\u00e9 dans HARD FORCE et sur Facebook et anime de tr\u00e8s nombreuses \u00e9missions sur HEAVY1, notamment NOISEWEEK tous les vendredis soirs, consacr\u00e9e \u00e0 l&rsquo;actualit\u00e9 discographique de la semaine.<\/p>\n<p>\t\t\t\t\t\t<a href=\"https:\/\/hardforce.com\/blogger\/christophe-droit\" title=\"Christophe Droit\" target=\"_blank\" rel=\"noopener\">Ses autres publications<\/a>\t\t\t\t\t<\/p>\n","protected":false},"excerpt":{"rendered":"&#13; \u00a9 Ross Halfin | BLKIIBLK &#13; &#13; Aujourd&rsquo;hui, Dave Mustaine, membre fondateur du groupe MEGADETH, a r\u00e9v\u00e9l\u00e9&hellip;\n","protected":false},"author":2,"featured_media":319348,"comment_status":"","ping_status":"","sticky":false,"template":"","format":"standard","meta":{"footnotes":""},"categories":[1355],"tags":[45742,9173,58,59,1011,27,45743,31724,1361,873],"class_list":{"0":"post-319347","1":"post","2":"type-post","3":"status-publish","4":"format-standard","5":"has-post-thumbnail","7":"category-musique","8":"tag-blkiiblk","9":"tag-dave-mustaine","10":"tag-divertissement","11":"tag-entertainment","12":"tag-fr","13":"tag-france","14":"tag-frontiers-label-group","15":"tag-megadeth","16":"tag-music","17":"tag-musique"},"share_on_mastodon":{"url":"https:\/\/pubeurope.com\/@fr\/115028959530739383","error":""},"_links":{"self":[{"href":"https:\/\/www.europesays.com\/fr\/wp-json\/wp\/v2\/posts\/319347","targetHints":{"allow":["GET"]}}],"collection":[{"href":"https:\/\/www.europesays.com\/fr\/wp-json\/wp\/v2\/posts"}],"about":[{"href":"https:\/\/www.europesays.com\/fr\/wp-json\/wp\/v2\/types\/post"}],"author":[{"embeddable":true,"href":"https:\/\/www.europesays.com\/fr\/wp-json\/wp\/v2\/users\/2"}],"replies":[{"embeddable":true,"href":"https:\/\/www.europesays.com\/fr\/wp-json\/wp\/v2\/comments?post=319347"}],"version-history":[{"count":0,"href":"https:\/\/www.europesays.com\/fr\/wp-json\/wp\/v2\/posts\/319347\/revisions"}],"wp:featuredmedia":[{"embeddable":true,"href":"https:\/\/www.europesays.com\/fr\/wp-json\/wp\/v2\/media\/319348"}],"wp:attachment":[{"href":"https:\/\/www.europesays.com\/fr\/wp-json\/wp\/v2\/media?parent=319347"}],"wp:term":[{"taxonomy":"category","embeddable":true,"href":"https:\/\/www.europesays.com\/fr\/wp-json\/wp\/v2\/categories?post=319347"},{"taxonomy":"post_tag","embeddable":true,"href":"https:\/\/www.europesays.com\/fr\/wp-json\/wp\/v2\/tags?post=319347"}],"curies":[{"name":"wp","href":"https:\/\/api.w.org\/{rel}","templated":true}]}}