{"id":319349,"date":"2025-08-14T20:16:35","date_gmt":"2025-08-14T20:16:35","guid":{"rendered":"https:\/\/www.europesays.com\/fr\/319349\/"},"modified":"2025-08-14T20:16:35","modified_gmt":"2025-08-14T20:16:35","slug":"les-pires-moments-de-ma-vie-sont-lies-a-la-celebrite","status":"publish","type":"post","link":"https:\/\/www.europesays.com\/fr\/319349\/","title":{"rendered":"\u00abLes pires moments de ma vie sont li\u00e9s \u00e0 la c\u00e9l\u00e9brit\u00e9 \u00bb"},"content":{"rendered":"<p><strong>INTERVIEW &#8211;<\/strong> Au dernier Festival de Cannes, elle \u00e9tait la marraine du prestigieux Troph\u00e9e Chopard. L\u2019occasion d\u2019une rencontre exclusive avec une h\u00e9ro\u00efne pas comme les autres.<\/p>\n<p class=\"fig-paragraph\">Cannes, 17 mai 2025. Le festival de cin\u00e9ma est sur les rails et, la veille,\u00a0<a href=\"https:\/\/madame.lefigaro.fr\/tag\/angelina-jolie\" target=\"_blank\" data-fig-type=\"Keyword\" rel=\"sponsored noopener\" data-gtm-custom-categorie=\"navigation\" data-gtm-custom-action=\"crossclick\" data-gtm-custom-label=\"Contextuel\" data-gtm-event=\"customEventSPE\" data-fig-domain=\"MADAME\">Angelina Jolie<\/a>\u00a0a remis le prestigieux Troph\u00e9e Chopard \u00e0 deux gloires montantes, la Fran\u00e7aise\u00a0<a href=\"http:\/\/madame.lefigaro.fr\/celebrites\/cinema\/je-suis-arrivee-a-paris-avec-un-sac-a-dos-et-1000-euros-en-poche-l-epoustouflant-succes-de-marie-colomb-20250724\" data-fig-type=\"Article\" data-gtm-custom-categorie=\"navigation\" data-gtm-custom-action=\"crossclick\" data-gtm-custom-label=\"Contextuel\" data-gtm-event=\"customEventSPE\" data-fig-domain=\"MADAME\" target=\"_blank\" rel=\"noopener\">Marie Colomb<\/a>\u00a0et l\u2019Anglais Finn Bennett. La superstar am\u00e9ricaine n\u2019est pas exactement au comble de l\u2019aise quand des milliers d\u2019yeux la d\u00e9visagent, mais s\u2019acquitte de sa mission avec l\u2019enthousiasme et le professionnalisme aff\u00e9rents \u00e0 son statut. On la retrouve au septi\u00e8me \u00e9tage du Martinez, dans les \u00e9l\u00e9gants salons de\u00a0<a href=\"https:\/\/madame.lefigaro.fr\/tag\/chopard\" target=\"_blank\" data-fig-type=\"Keyword\" rel=\"sponsored noopener\" data-gtm-custom-categorie=\"navigation\" data-gtm-custom-action=\"crossclick\" data-gtm-custom-label=\"Contextuel\" data-gtm-event=\"customEventSPE\" data-fig-domain=\"MADAME\">Chopard<\/a>, la prestigieuse maison de luxe suisse joailli\u00e8re et horlog\u00e8re, partenaire fid\u00e8le du Festival de Cannes et soutien sans faille du cin\u00e9ma en g\u00e9n\u00e9ral. Elle porte un ensemble cr\u00e8me passe-muraille (\u00abJe ne suis pas \u00e0 la mode\u00bb, s\u2019amuse-t-elle), et \u00e9coute tr\u00e8s attentivement les questions qui lui sont pos\u00e9es.<\/p>\n<p class=\"fig-paragraph\">Ce qui frappe chez Angelina Jolie, ce sont ses gestes lents, son regard bienveillant qui vous fixe, sa voix douce, son \u00e9locution extr\u00eamement pos\u00e9e. Le visage de la dignit\u00e9. Il y a de la gravit\u00e9 chez elle, une vibration douloureuse perceptible, une particularit\u00e9 totalement atypique dans le star-syst\u00e8me \u2013 a fortiori hollywoodien \u2013 o\u00f9 n\u2019importe quel d\u00e9butant prend des airs invuln\u00e9rables et conqu\u00e9rants. Mais le star-syst\u00e8me n\u2019est plus, et n\u2019a sans doute jamais \u00e9t\u00e9, sa priorit\u00e9. Il y a longtemps que le cin\u00e9ma ne suffit plus \u00e0 remplir la vie d\u2019Angelina Jolie, superstar, r\u00e9alisatrice, qui consacre l\u2019essentiel de son temps \u00e0 ses activit\u00e9s de militante des droits de l\u2019homme, personnalit\u00e9 hors norme qui semble avoir choisi le sacerdoce humanitaire qui la conduit inlassablement sur des zones de guerre.<\/p>\n<p>                                    <a class=\"fig-a11y-skip a11y-hidden\" href=\"#fig-a11y-skip-main-inarticle\"><br \/>\n        Passer la publicit\u00e9<br \/>\n    <\/a><\/p>\n<p class=\"fig-paragraph\">Elle se dit \u00abhumaniste, mais internationaliste surtout.\u00bb Citoyenne du monde, \u00e0 l\u2019\u00e9vidence. Angelina Jolie intrigue, fascine, d\u00e9route peut-\u00eatre, mais nul ne peut remettre en cause la sinc\u00e9rit\u00e9 et la constance de ses engagements, femme de terrain qui inspecte les camps de r\u00e9fugi\u00e9s, prend la parole \u00e0 Davos ou interpelle les institutions internationales. Elle est une activiste \u00e9minente, qui valorise l\u2019\u00e9conomie locale, mais surtout encourage l\u2019autonomie des femmes des r\u00e9gions d\u00e9favoris\u00e9es\u00a0: ainsi, des ruches ont \u00e9t\u00e9 install\u00e9es au Cambodge, son pays de c\u0153ur, o\u00f9 elle r\u00e9side en partie, si\u00e8ge de sa fondation, la Maddox Foundation, qui travaille par ailleurs \u00e0 la pr\u00e9servation de l\u2019environnement et \u00e0 l\u2019am\u00e9lioration des conditions de vie des communaut\u00e9s rurales. Au cin\u00e9ma, elle tourne peu et semble s\u2019orienter vers des projets singuliers. Apr\u00e8s\u00a0<a href=\"http:\/\/madame.lefigaro.fr\/celebrites\/actu-people\/j-ai-pris-une-grande-respiration-et-j-ai-pleure-angelina-jolie-raconte-sa-premiere-lecon-de-chant-pour-interpreter-maria-callas-20241121\" data-fig-type=\"Article\" data-gtm-custom-categorie=\"navigation\" data-gtm-custom-action=\"crossclick\" data-gtm-custom-label=\"Contextuel\" data-gtm-event=\"customEventSPE\" data-fig-domain=\"MADAME\" target=\"_blank\" rel=\"noopener\">Maria<\/a>, du tr\u00e8s auteuriste Pablo Larra\u00edn, elle s\u2019aventure dans un film fran\u00e7ais d\u2019Alice Winocour, Coutures (sortie le 15 octobre). Elle y joue une r\u00e9alisatrice de cin\u00e9ma plong\u00e9e dans le milieu de la mode \u00e0 l\u2019occasion d\u2019un tournage publicitaire \u00e0 Paris, dont les fondamentaux de vie vont \u00eatre revus lorsqu\u2019un \u00e9pisode dramatique survient. Elle y croise Ella Rumpf,\u00a0<a href=\"https:\/\/madame.lefigaro.fr\/tag\/maquillage\" target=\"_blank\" data-fig-type=\"Keyword\" rel=\"nofollow noopener\" data-gtm-custom-categorie=\"navigation\" data-gtm-custom-action=\"crossclick\" data-gtm-custom-label=\"Contextuel\" data-gtm-event=\"customEventSPE\" data-fig-domain=\"MADAME\">maquilleuse\u00a0<\/a>qui se r\u00eave romanci\u00e8re, et Louis Garrel, son assistant et amant d\u2019un soir.<\/p>\n<p class=\"fig-paragraph\"><strong>Madame Figaro. \u2013 <\/strong><strong>Qu\u2019est-ce qui vous a convaincue d\u2019accepter d\u2019\u00eatre la marraine du Troph\u00e9e Chopard, qui c\u00e9l\u00e8bre chaque ann\u00e9e un acteur et une actrice au talent prometteur\u00a0?<\/strong><br \/><strong>Angelina Jolie. \u2013<\/strong> J\u2019aime l\u2019id\u00e9e d\u2019un tel dispositif, d\u2019un programme qui vise \u00e0 encourager, soutenir et accompagner les jeunes. C\u2019est une des belles facettes du\u00a0<a href=\"https:\/\/madame.lefigaro.fr\/tag\/festival-de-cannes\" target=\"_blank\" data-fig-type=\"Keyword\" rel=\"sponsored noopener\" data-gtm-custom-categorie=\"navigation\" data-gtm-custom-action=\"crossclick\" data-gtm-custom-label=\"Contextuel\" data-gtm-event=\"customEventSPE\" data-fig-domain=\"MADAME\">Festival de Cannes<\/a>, et je suis tr\u00e8s heureuse d\u2019en \u00eatre partie prenante cette ann\u00e9e. Je me suis entretenue avec les deux laur\u00e9ats, ils m\u2019ont sembl\u00e9 brillants et d\u00e9j\u00e0 enti\u00e8rement d\u00e9di\u00e9s \u00e0 leur art. Ils sont \u00e9quilibr\u00e9s, ancr\u00e9s, tr\u00e8s conscients de tous les aspects du m\u00e9tier. Par ailleurs, je suis \u00e9galement metteuse en sc\u00e8ne\u00a0: il est tr\u00e8s int\u00e9ressant pour moi de d\u00e9couvrir avec Chopard qui est la nouvelle garde du cin\u00e9ma, autrement dit les acteurs de demain.<\/p>\n<p class=\"fig-paragraph\"><strong>\u00cates-vous un mod\u00e8le pour les jeunes com\u00e9diens\u00a0?<\/strong><br \/>C\u2019est difficile pour moi de r\u00e9pondre \u00e0 cette question. Quand j\u2019avais leur \u00e2ge, il n\u2019\u00e9tait m\u00eame pas question pour moi d\u2019imaginer qu\u2019un jour je pourrais \u00eatre inspirante pour qui que ce soit. Si je le suis, peut-\u00eatre, aujourd\u2019hui, ce pas seulement pour ce que j\u2019ai fait de bien, mais aussi pour mes erreurs\u2026<\/p>\n<p class=\"fig-paragraph\"><strong>Vos erreurs\u00a0?<\/strong><br \/>Pas vraiment des erreurs, disons la vie et les fluctuations de la vie. Ce qui est positif, c\u2019est que je suis heureuse de pouvoir mener une vie d\u2019artiste. Pourtant, je n\u2019ai jamais tout pris pour argent comptant, plus exactement la vie publique, la c\u00e9l\u00e9brit\u00e9. Je suis une personne extr\u00eamement priv\u00e9e. Et lorsqu\u2019il m\u2019arrive de fouler un tapis rouge avec mes enfants, l\u2019id\u00e9e est vraiment de s\u2019amuser tous ensemble. L\u2019art doit \u00eatre une source de joie.<\/p>\n<p>    <strong>\u00ab<\/strong>Il est tr\u00e8s int\u00e9ressant pour moi de d\u00e9couvrir avec Chopard qui est la nouvelle garde du cin\u00e9ma, autrement dit les acteurs de demain<strong>\u00bb<\/strong>, Angelina Jolie.<br \/>\n                Luc Braquet<\/p>\n<p class=\"fig-paragraph\"><strong>Comment faire le distinguo entre vie publique et vie priv\u00e9e quand tout est particuli\u00e8rement brouill\u00e9 aujourd\u2019hui\u00a0?<\/strong><br \/>Comme je n\u2019ai aucun go\u00fbt pour la c\u00e9l\u00e9brit\u00e9, il m\u2019est tr\u00e8s facile de s\u00e9parer les territoires. Les pires moments de mon parcours, les moments les plus sombres, ce sont lorsque la c\u00e9l\u00e9brit\u00e9 et ses exc\u00e8s sont entr\u00e9s dans ma vie. Rien n\u2019est moins naturel. Ce que j\u2019aime, c\u2019est l\u2019art, l\u2019engagement, les films, les \u00e9changes. C\u2019est tr\u00e8s excitant d\u2019\u00eatre port\u00e9e par un projet artistique et de le partager avec une \u00e9quipe, quand tout le monde regarde dans la m\u00eame direction. Mais tout ce qui rel\u00e8ve de la c\u00e9l\u00e9brit\u00e9 est non seulement sans int\u00e9r\u00eat, mais surtout tr\u00e8s encombrant.<\/p>\n<p>                                    <a class=\"fig-a11y-skip a11y-hidden\" href=\"#fig-a11y-skip-main-inarticle_mtf\"><br \/>\n        Passer la publicit\u00e9<br \/>\n    <\/a><\/p>\n<p class=\"fig-paragraph\"><strong>Comment concilier tous ces \u00e9tats contradictoires\u00a0?<\/strong><br \/>J\u2019essaie comme je peux. Je viens d\u2019une autre g\u00e9n\u00e9ration, une g\u00e9n\u00e9ration o\u00f9 vous pouviez faire un film, dispara\u00eetre un an et revenir. Dans l\u2019intervalle, il vous \u00e9tait \u00e0 peu pr\u00e8s permis de vivre votre vie comme une personne priv\u00e9e. Aujourd\u2019hui, ce n\u2019est plus vraiment la tendance de dispara\u00eetre sans donner de nouvelles. Tout est imbriqu\u00e9 et l\u2019air du temps \u2013 les\u00a0<a href=\"https:\/\/madame.lefigaro.fr\/tag\/reseaux-sociaux\" target=\"_blank\" data-fig-type=\"Keyword\" rel=\"sponsored noopener\" data-gtm-custom-categorie=\"navigation\" data-gtm-custom-action=\"crossclick\" data-gtm-custom-label=\"Contextuel\" data-gtm-event=\"customEventSPE\" data-fig-domain=\"MADAME\">r\u00e9seaux sociaux<\/a>\u00a0\u2013 vous enjoint de commenter n\u2019importe quelle activit\u00e9 de votre agenda. Si je d\u00e9butais aujourd\u2019hui, je ne pourrais pas m\u2019adapter. On me trouverait trop \u00abpriv\u00e9e\u00bb, et je serais requalifi\u00e9e de \u00abnon bankable.\u00bb Je suis sans doute trop irr\u00e9guli\u00e8re pour les r\u00e9seaux sociaux et pas du tout \u00e0 l\u2019aise avec la communication continue.<\/p>\n<p class=\"fig-paragraph\"><strong>Quelle femme \u00e9tiez-vous \u00e0 l\u2019\u00e2ge des laur\u00e9ats du Troph\u00e9e Chopard\u00a0?<\/strong><br \/>J\u2019\u00e9tais d\u00e9j\u00e0 m\u00e8re de famille. J\u2019avais adopt\u00e9 mon fils\u00a0<a href=\"http:\/\/madame.lefigaro.fr\/celebrites\/angelina-jolie-emmene-trois-de-ses-enfants-sur-le-tapis-rouge-du-festival-du-film-de-new-york-20240930\" data-fig-type=\"Article\" data-gtm-custom-categorie=\"navigation\" data-gtm-custom-action=\"crossclick\" data-gtm-custom-label=\"Contextuel\" data-gtm-event=\"customEventSPE\" data-fig-domain=\"MADAME\" target=\"_blank\" rel=\"noopener\">Maddox<\/a>\u00a0et j\u2019effectuais des missions aux Nations unies. J\u2019avais d\u00e9j\u00e0 commenc\u00e9 la transition vers une autre vie.<\/p>\n<p class=\"fig-paragraph\"><strong>Quel conseil donner \u00e0 un jeune acteur ou une jeune actrice\u00a0?<\/strong><br \/>Mettre l\u2019art au centre de ses pr\u00e9occupations. Ne pas \u00eatre timide et int\u00e9grer la communaut\u00e9 des artistes. \u00c9changer. Partager.<\/p>\n<blockquote class=\"fig-quote&#10;    \">\n<p class=\"fig-quote__text\">L\u2019art doit \u00eatre une source de joie<\/p>\n<p>            Angelina Jolie\n    <\/p><\/blockquote>\n<p class=\"fig-paragraph\"><strong>\u00c0 20 ans, quelles actrices vous inspiraient\u00a0?<\/strong><br \/>Bizarrement, mes mod\u00e8les \u00e9taient des hommes. Alan Bates, Marlon Brando, des acteurs. Bien s\u00fbr, j\u2019aimais Meryl Streep, comme tout le monde, mais je n\u2019\u00e9tais pas une cin\u00e9phile \u00e0 cette \u00e9poque, non. Peut-\u00eatre parce que mon p\u00e8re \u00e9tait acteur (Jon Voight, 86 ans, Oscar du meilleur acteur en 1979 pour Retour, de Hal Ashby, NDLR)\u00a0? Il y avait d\u00e9j\u00e0 trop de films dans ma vie\u2026 Je voyais bien que tout cela n\u2019\u00e9tait pas r\u00e9el. Ce qui m\u2019int\u00e9ressait chez les acteurs, ce n\u2019\u00e9tait pas leurs personnages mais leurs personnalit\u00e9s\u2026 Je n\u2019ai pas beaucoup chang\u00e9 d\u2019avis\u00a0: aux gens connus, je pr\u00e9f\u00e8re les artistes singuliers.<\/p>\n<p>    <a href=\"https:\/\/photo-madame.lefigaro.fr\/celebrites\/actu-people\/angelina-jolie-a-50-ans-sa-vie-privee-en-40-photos-20250604\" target=\"_blank\" rel=\"noopener\"><\/p>\n<p class=\"fig-slideshow__title\">\n                    Angelina Jolie a 50 ans\u00a0: sa vie priv\u00e9e en 40 photos\n                <\/p>\n<p>    <\/a><\/p>\n<p class=\"fig-paragraph\"><strong>Vous avez grandi dans le s\u00e9rail hollywoodien\u2026<\/strong><br \/>Oui, c\u2019est une chose probablement un peu \u00e9trange. Ma marraine est Jacqueline Bisset et mon parrain Maximilian Schell. Mais j\u2019ai surtout beaucoup appris de ma m\u00e8re (Marcheline Bertrand, morte \u00e0 56 ans, en 2007, NDLR). Ma m\u00e8re avait \u00e9t\u00e9 actrice, elle n\u2019\u00e9tait pas c\u00e9l\u00e8bre, mais elle avait \u00e9tudi\u00e9 le th\u00e9\u00e2tre et continuait de l\u2019aimer\u00a0: c\u2019est avec elle que j\u2019ai d\u00e9couvert mes premi\u00e8res pi\u00e8ces.<\/p>\n<p>                                    <a class=\"fig-a11y-skip a11y-hidden\" href=\"#fig-a11y-skip-main-inarticle_btf\"><br \/>\n        Passer la publicit\u00e9<br \/>\n    <\/a><\/p>\n<p class=\"fig-paragraph\"><strong>Votre m\u00e8re a stopp\u00e9 sa carri\u00e8re quand elle s\u2019est mari\u00e9e\u2026<\/strong><br \/>Elle \u00e9tait heureuse comme \u00e7a, je crois. Comme je vous l\u2019ai dit, elle a continu\u00e9 \u00e0 fr\u00e9quenter des gens de th\u00e9\u00e2tre. Ma fille Vivienne lui ressemble \u00e9norm\u00e9ment \u2013 elle n\u2019a pas connu sa grand-m\u00e8re \u2013, c\u2019est troublant, et je reproduis avec elle ce que ma m\u00e8re a fait pour moi\u00a0: je lui fais d\u00e9couvrir des textes. Je l\u2019ai emmen\u00e9e voir une pi\u00e8ce de Tennessee Williams, qui \u00e9tait un grand ami de ma m\u00e8re, ce qui a \u00e9pat\u00e9 Vivienne. Quand mon p\u00e8re jouait Un tramway nomm\u00e9 d\u00e9sir, elle assistait \u00e0 toutes les repr\u00e9sentations, enceinte, tr\u00e8s incommod\u00e9e, et chaque soir Tennessee \u00e9tait assis \u00e0 ses c\u00f4t\u00e9s pour veiller sur elle. Un grand artiste\u2026<\/p>\n<p class=\"fig-paragraph\"><strong>Votre m\u00e8re parlait fran\u00e7ais\u2026<\/strong><br \/>Elle \u00e9tait canadienne et fran\u00e7aise. C\u2019est peut-\u00eatre ce qui explique que j\u2019ai un lien tr\u00e8s particulier avec la France. Je viens de tourner Coutures, un film d\u2019Alice Winocour, et j\u2019ai quelques sc\u00e8nes en fran\u00e7ais\u2026 Vous verrez\u2026<\/p>\n<blockquote class=\"fig-quote&#10;    \">\n<p class=\"fig-quote__text\">Je n\u2019ai jamais tout pris pour argent comptant\u00a0: la vie publique comme la c\u00e9l\u00e9brit\u00e9<\/p>\n<p>            Angelina Jolie\n    <\/p><\/blockquote>\n<p class=\"fig-paragraph\"><strong>Depuis <\/strong><strong>Maria<\/strong> <strong>, o\u00f9 vous jouez Maria Callas, votre carri\u00e8re semble prendre un tour plus auteuriste\u2026<\/strong><br \/>J\u2019ai aim\u00e9 tourner avec Pablo Larra\u00edn. Le sc\u00e9nario est brillant. Aujourd\u2019hui, il me pla\u00eet de me mettre au service de grands artistes. J\u2019ai vraiment envie de m\u2019\u00e9loigner de ce que j\u2019ai d\u00e9j\u00e0 fait. Et puis, il y a une chose tr\u00e8s nouvelle pour moi dans ma fa\u00e7on de choisir les projets\u00a0: comme les films occupent quelques mois d\u2019une vie, je veux m\u2019assurer d\u2019int\u00e9grer une communaut\u00e9 g\u00e9n\u00e9reuse, solidaire, cr\u00e9ative, bienveillante. Je veux partager des exp\u00e9riences avec des gens bien.<\/p>\n<p>    <a href=\"https:\/\/photo-madame.lefigaro.fr\/celebrites\/cinema\/juliette-binoche-angelina-jolie-robert-de-niro-notre-portfolio-exclusif-du-78e-festival-de-cannes-20250606\" target=\"_blank\" rel=\"noopener\"><\/p>\n<p class=\"fig-slideshow__title\">\n                    Juliette Binoche, Angelina Jolie, Robert De Niro\u2026 Notre portfolio exclusif du 78e Festival de Cannes\n                <\/p>\n<p>    <\/a><\/p>\n<p class=\"fig-paragraph\"><strong>Une derni\u00e8re question. Le monde semble devenir de plus en plus fou. Pouvez-vous partager vos craintes et vos espoirs\u00a0?<\/strong><br \/>(Elle prend une respiration.) J\u2019essaie de continuer d\u2019apprendre et d\u2019observer. Il est imp\u00e9ratif de s\u2019informer, de s\u2019\u00e9duquer, afin de comprendre ce qui se passe dans le monde, l\u2019\u00e9tat du monde. Il faut prendre garde aux jugements \u00e0 l\u2019emporte-pi\u00e8ce. En ce qui me concerne, je travaille avec des gens, je lis, j\u2019assiste \u00e0 des conf\u00e9rences. Mon souhait\u00a0? Que les intentions politiques soient suivies d\u2019effets, qu\u2019elles ne restent pas des annonces politiciennes. H\u00e9las, on voit bien que la folie du pouvoir, du contr\u00f4le et du profit prend le pas sur ce qui devrait \u00eatre un \u00e9lan solidaire, le d\u00e9veloppement des nations les plus pauvres. On voit trop de territoires o\u00f9 les conflits et la mis\u00e8re sont source de profits pour certains. Je fonde beaucoup d\u2019espoir sur les \u00e9conomies locales, qui permettent aux habitants d\u2019acqu\u00e9rir une autonomie en se lib\u00e9rant du syst\u00e8me dominant. Je sais que cela prend du temps, mais c\u2019est un syst\u00e8me vertueux que je suis de tr\u00e8s pr\u00e8s sur le terrain, au Cambodge par exemple, o\u00f9 ma fondation, con\u00e7ue en 2003, se concentre sur la stabilit\u00e9 \u00e9conomique d\u2019une communaut\u00e9, mais aussi sur sa sant\u00e9 et la protection de son environnement. Je pense qu\u2019il y a une piste \u00e0 suivre\u00a0: ce genre d\u2019initiatives peut faire boule de neige et b\u00e9n\u00e9ficier \u00e0 des communaut\u00e9s voisines, et ainsi de suite, en permettant aux locaux d\u2019\u00e9tablir et de faire prosp\u00e9rer leurs propres r\u00e9seaux.<\/p>\n<p class=\"fig-paragraph\">Coutures\u200a, d\u2019Alice Winocour, avec Angelina Jolie, Louis Garrel, Ella Rumpf\u2026 Sortie le 15 octobre.\u00a0<a href=\"https:\/\/www.chopard.com\/fr-fr\" target=\"_blank\" rel=\"sponsored noopener\" data-gtm-custom-categorie=\"navigation\" data-gtm-custom-action=\"crossclick\" data-gtm-custom-label=\"Contextuel\" data-gtm-event=\"customEventSPE\">chopard.com<\/a><\/p>\n","protected":false},"excerpt":{"rendered":"INTERVIEW &#8211; Au dernier Festival de Cannes, elle \u00e9tait la marraine du prestigieux Troph\u00e9e Chopard. L\u2019occasion d\u2019une rencontre&hellip;\n","protected":false},"author":2,"featured_media":319350,"comment_status":"","ping_status":"","sticky":false,"template":"","format":"standard","meta":{"footnotes":""},"categories":[1354],"tags":[12253,17422,15216,11668,1000,45744,1345,650,36436,17426,58,59,1295,5634,638,2081,17424,1346,1011,27,2173,977,1360,973,17423,17425,6265],"class_list":{"0":"post-319349","1":"post","2":"type-post","3":"status-publish","4":"format-standard","5":"has-post-thumbnail","7":"category-films","8":"tag-acteurs","9":"tag-actualite-cinema","10":"tag-angelina-jolie","11":"tag-casting","12":"tag-celebrites","13":"tag-chopard","14":"tag-cine","15":"tag-cinema","16":"tag-cover-story","17":"tag-critique-cinema","18":"tag-divertissement","19":"tag-entertainment","20":"tag-feminin","21":"tag-festival-de-cannes","22":"tag-figaro","23":"tag-film","24":"tag-film-cinema","25":"tag-films","26":"tag-fr","27":"tag-france","28":"tag-interview","29":"tag-madame","30":"tag-movies","31":"tag-people","32":"tag-programme-cinema","33":"tag-sortie-cinema","34":"tag-tournage"},"share_on_mastodon":{"url":"https:\/\/pubeurope.com\/@fr\/115028963079634981","error":""},"_links":{"self":[{"href":"https:\/\/www.europesays.com\/fr\/wp-json\/wp\/v2\/posts\/319349","targetHints":{"allow":["GET"]}}],"collection":[{"href":"https:\/\/www.europesays.com\/fr\/wp-json\/wp\/v2\/posts"}],"about":[{"href":"https:\/\/www.europesays.com\/fr\/wp-json\/wp\/v2\/types\/post"}],"author":[{"embeddable":true,"href":"https:\/\/www.europesays.com\/fr\/wp-json\/wp\/v2\/users\/2"}],"replies":[{"embeddable":true,"href":"https:\/\/www.europesays.com\/fr\/wp-json\/wp\/v2\/comments?post=319349"}],"version-history":[{"count":0,"href":"https:\/\/www.europesays.com\/fr\/wp-json\/wp\/v2\/posts\/319349\/revisions"}],"wp:featuredmedia":[{"embeddable":true,"href":"https:\/\/www.europesays.com\/fr\/wp-json\/wp\/v2\/media\/319350"}],"wp:attachment":[{"href":"https:\/\/www.europesays.com\/fr\/wp-json\/wp\/v2\/media?parent=319349"}],"wp:term":[{"taxonomy":"category","embeddable":true,"href":"https:\/\/www.europesays.com\/fr\/wp-json\/wp\/v2\/categories?post=319349"},{"taxonomy":"post_tag","embeddable":true,"href":"https:\/\/www.europesays.com\/fr\/wp-json\/wp\/v2\/tags?post=319349"}],"curies":[{"name":"wp","href":"https:\/\/api.w.org\/{rel}","templated":true}]}}