{"id":319351,"date":"2025-08-14T20:17:12","date_gmt":"2025-08-14T20:17:12","guid":{"rendered":"https:\/\/www.europesays.com\/fr\/319351\/"},"modified":"2025-08-14T20:17:12","modified_gmt":"2025-08-14T20:17:12","slug":"deuxieme-cas-de-rougeole-a-la-reunion-une-femme-de-45-ans-contaminee","status":"publish","type":"post","link":"https:\/\/www.europesays.com\/fr\/319351\/","title":{"rendered":"Deuxi\u00e8me cas de rougeole \u00e0 La R\u00e9union\u00a0: une femme de 45 ans contamin\u00e9e"},"content":{"rendered":"<p>Depuis 2019, il n\u2019y avait eu aucun cas sur l\u2019\u00eele. Apr\u00e8s un premier cas en juillet dernier, l\u2019ARS a confirm\u00e9 qu\u2019un deuxi\u00e8me cas a \u00e9t\u00e9 d\u00e9clar\u00e9 le 8 ao\u00fbt dernier.<\/p>\n<p style=\"text-align: justify;\">Apr\u00e8s un \u00e9pisode de circulation en 2019\u00a0(96 cas confirm\u00e9s), aucun nouveau cas n\u2019avait \u00e9t\u00e9 confirm\u00e9 depuis. En juillet dernier, un premier cas a \u00e9t\u00e9 d\u00e9clar\u00e9 et confirm\u00e9 par l\u2019agence r\u00e9gionale de sant\u00e9. Depuis, un deuxi\u00e8me cas datant du 8 ao\u00fbt\u00a0a \u00e9t\u00e9 d\u00e9clar\u00e9 et confirm\u00e9 par l\u2019ARS. C\u2019est une femme de 45 ans, non vaccin\u00e9e apr\u00e8s un voyage en Tha\u00eflande. Rien ne confirme un lien entre le premier et le deuxi\u00e8me cas.<\/p>\n<p style=\"text-align: justify;\">Dans son bulletin, Sant\u00e9 publique France pr\u00e9cise\u00a0:\u00a0<\/p>\n<p><strong>\u00ab\u00a0Analyse de risque <\/strong><\/p>\n<p style=\"text-align: justify;\">Selon le bulletin de vaccination publi\u00e9 par Sant\u00e9 publique France en avril 2025 chez les nourrissons, la couverture vaccinale (CV) \u00e0 2 doses contre la Rougeole, les Oreillons et la Rub\u00e9ole (ROR) \u00e9tait de 80% en 2024, soit, inf\u00e9rieure \u00e0 l\u2019objectif de 95% n\u00e9cessaire pour interrompre la transmission du virus.<\/p>\n<p style=\"text-align: justify;\">Dans ce contexte l\u2019identification d\u2019un second autochtone t\u00e9moigne de la circulation du virus sur l\u2019\u00eele. La possibilit\u00e9 d\u2019apparition de cas group\u00e9s, l\u2019installation de cha\u00eenes de transmission, voire de reprise \u00e9pid\u00e9mique ne peut donc \u00eatre exclue.<\/p>\n<p style=\"text-align: justify;\">La rentr\u00e9e scolaire la semaine prochaine pourrait \u00eatre un facteur favorisant la reprise de la circulation de la rougeole sur le territoire r\u00e9unionnais.<\/p>\n<p><strong>Recommandations<\/strong><\/p>\n<p style=\"text-align: justify;\">Une couverture vaccinale \u00e9lev\u00e9e de la population, tout \u00e2ges confondus, y compris des professionnels de sant\u00e9 ou ceux travaillant au contact d\u2019enfants, est indispensable pour limiter la circulation virale et prot\u00e9ger les plus fragiles des complications de la rougeole.\u00a0\u00bb<\/p>\n","protected":false},"excerpt":{"rendered":"Depuis 2019, il n\u2019y avait eu aucun cas sur l\u2019\u00eele. Apr\u00e8s un premier cas en juillet dernier, l\u2019ARS&hellip;\n","protected":false},"author":2,"featured_media":319352,"comment_status":"","ping_status":"","sticky":false,"template":"","format":"standard","meta":{"footnotes":""},"categories":[10],"tags":[328,47,1011,27,72,6335,1922,6336,7224,71,104],"class_list":{"0":"post-319351","1":"post","2":"type-post","3":"status-publish","4":"format-standard","5":"has-post-thumbnail","7":"category-sante","8":"tag-a-la-une","9":"tag-actualite","10":"tag-fr","11":"tag-france","12":"tag-health","13":"tag-home-page","14":"tag-info","15":"tag-la-reunion","16":"tag-newsletter-soir","17":"tag-sante","18":"tag-societe"},"share_on_mastodon":{"url":"https:\/\/pubeurope.com\/@fr\/115028967089340975","error":""},"_links":{"self":[{"href":"https:\/\/www.europesays.com\/fr\/wp-json\/wp\/v2\/posts\/319351","targetHints":{"allow":["GET"]}}],"collection":[{"href":"https:\/\/www.europesays.com\/fr\/wp-json\/wp\/v2\/posts"}],"about":[{"href":"https:\/\/www.europesays.com\/fr\/wp-json\/wp\/v2\/types\/post"}],"author":[{"embeddable":true,"href":"https:\/\/www.europesays.com\/fr\/wp-json\/wp\/v2\/users\/2"}],"replies":[{"embeddable":true,"href":"https:\/\/www.europesays.com\/fr\/wp-json\/wp\/v2\/comments?post=319351"}],"version-history":[{"count":0,"href":"https:\/\/www.europesays.com\/fr\/wp-json\/wp\/v2\/posts\/319351\/revisions"}],"wp:featuredmedia":[{"embeddable":true,"href":"https:\/\/www.europesays.com\/fr\/wp-json\/wp\/v2\/media\/319352"}],"wp:attachment":[{"href":"https:\/\/www.europesays.com\/fr\/wp-json\/wp\/v2\/media?parent=319351"}],"wp:term":[{"taxonomy":"category","embeddable":true,"href":"https:\/\/www.europesays.com\/fr\/wp-json\/wp\/v2\/categories?post=319351"},{"taxonomy":"post_tag","embeddable":true,"href":"https:\/\/www.europesays.com\/fr\/wp-json\/wp\/v2\/tags?post=319351"}],"curies":[{"name":"wp","href":"https:\/\/api.w.org\/{rel}","templated":true}]}}