{"id":319353,"date":"2025-08-14T20:18:11","date_gmt":"2025-08-14T20:18:11","guid":{"rendered":"https:\/\/www.europesays.com\/fr\/319353\/"},"modified":"2025-08-14T20:18:11","modified_gmt":"2025-08-14T20:18:11","slug":"les-deux-renforts-que-luis-enrique-pourrait-avoir-avant-la-fin-du-mercato","status":"publish","type":"post","link":"https:\/\/www.europesays.com\/fr\/319353\/","title":{"rendered":"les deux renforts que Luis Enrique pourrait avoir avant la fin du mercato"},"content":{"rendered":"<p><strong>Apr\u00e8s Zabarnyi, Chevalier, et Marin, le PSG a quasiment boucl\u00e9 son mercato. Mais un ou deux renforts pourraient encore d\u00e9barquer avant la fin du mercato.<\/strong><\/p>\n<p>Le PSG a d\u00e9marr\u00e9 sa saison sur une note positive avec la victoire en Supercoupe de l\u2019UEFA face \u00e0 Tottenham, gr\u00e2ce notamment aux performances d\u00e9cisives de Kang-in Lee et Gon\u00e7alo Ramos, deux joueurs qui ont marqu\u00e9 en fin de match alors que leur avenir \u00e9tait encore incertain. Ramos, longtemps consid\u00e9r\u00e9 comme un joueur de rotation \u00e0 cause de l\u2019arriv\u00e9e d\u2019Ousmane Demb\u00e9l\u00e9, <a href=\"https:\/\/www.butfootballclub.fr\/613600-psg-paris-renverse-tottenham-et-regle-un-dossier-chaud-du-mercato\/\" rel=\"noreferrer noopener\" target=\"_blank\">a confirm\u00e9 sa place dans l\u2019\u00e9quipe<\/a> en affirmant qu\u2019il resterait \u00e0 Paris, sous contrat jusqu\u2019en 2028. <\/p>\n<p>De son c\u00f4t\u00e9, Kang-in Lee, moins utilis\u00e9 depuis l\u2019arriv\u00e9e de Khvicha Kvaratskhelia, pourrait profiter de sa bonne entr\u00e9e pour obtenir davantage de temps de jeu, m\u00eame si <a href=\"https:\/\/www.butfootballclub.fr\/613692-psg-mercato-kang-in-lee-pourrait-quitter-le-psg-cet-ete\/\" rel=\"noreferrer noopener\" target=\"_blank\">son d\u00e9part n\u2019est pas totalement exclu<\/a> si une offre jug\u00e9e int\u00e9ressante arrive.<\/p>\n<p>Deux recrues suppl\u00e9mentaires \u00e0 venir ?<\/p>\n<p>Sur le plan du mercato, le PSG reste actif et flexible. Apr\u00e8s avoir renforc\u00e9 son effectif avec les gardiens Renato Marin et Lucas Chevalier ainsi que le d\u00e9fenseur central Illya Zabarnyi, le club parisien ne ferme pas la porte \u00e0 un ou deux renforts suppl\u00e9mentaires. Selon <a href=\"https:\/\/www.lequipe.fr\/Football\/Article\/Apres-leur-entree-decisive-contre-tottenham-en-supercoupe-d-europe-goncalo-ramos-et-lee-kang-in-devraient-rester-au-psg\/1585157\" rel=\"noreferrer noopener\" target=\"_blank\">L\u2019\u00c9quipe<\/a>, les priorit\u00e9s identifi\u00e9es sont un ailier gaucher et un lat\u00e9ral droit, des postes jug\u00e9s strat\u00e9giques pour offrir davantage d\u2019options \u00e0 Luis Enrique et compl\u00e9ter un effectif d\u00e9j\u00e0 riche mais qui doit r\u00e9pondre aux exigences d\u2019une saison ambitieuse en Ligue 1 et en Ligue des champions.<\/p>\n<p>Parall\u00e8lement, le PSG doit \u00e9galement g\u00e9rer les d\u00e9parts. Sept joueurs sont concern\u00e9s : Nordi Mukiele, Carlos Soler, Gianluigi Donnarumma, Randal Kolo Muani, Renato Sanches, Marco Asensio et Ilyes Housni, tous ayant d\u00e9sormais des pistes concr\u00e8tes pour quitter le club. La strat\u00e9gie du club reste claire : vendre pour lib\u00e9rer de la place et \u00e9ventuellement recruter si les bonnes opportunit\u00e9s se pr\u00e9sentent, dans le but de renforcer un effectif \u00e0 la fois comp\u00e9titif et \u00e9quilibr\u00e9.<\/p>\n","protected":false},"excerpt":{"rendered":"Apr\u00e8s Zabarnyi, Chevalier, et Marin, le PSG a quasiment boucl\u00e9 son mercato. Mais un ou deux renforts pourraient&hellip;\n","protected":false},"author":2,"featured_media":319354,"comment_status":"","ping_status":"","sticky":false,"template":"","format":"standard","meta":{"footnotes":""},"categories":[9],"tags":[11,448,63,1011,27,66,3388,12,60,10662],"class_list":{"0":"post-319353","1":"post","2":"type-post","3":"status-publish","4":"format-standard","5":"has-post-thumbnail","7":"category-sports","8":"tag-actualites","9":"tag-champions-league","10":"tag-football","11":"tag-fr","12":"tag-france","13":"tag-ligue-1","14":"tag-matchs","15":"tag-news","16":"tag-sports","17":"tag-transferts"},"share_on_mastodon":{"url":"https:\/\/pubeurope.com\/@fr\/115028971109096501","error":""},"_links":{"self":[{"href":"https:\/\/www.europesays.com\/fr\/wp-json\/wp\/v2\/posts\/319353","targetHints":{"allow":["GET"]}}],"collection":[{"href":"https:\/\/www.europesays.com\/fr\/wp-json\/wp\/v2\/posts"}],"about":[{"href":"https:\/\/www.europesays.com\/fr\/wp-json\/wp\/v2\/types\/post"}],"author":[{"embeddable":true,"href":"https:\/\/www.europesays.com\/fr\/wp-json\/wp\/v2\/users\/2"}],"replies":[{"embeddable":true,"href":"https:\/\/www.europesays.com\/fr\/wp-json\/wp\/v2\/comments?post=319353"}],"version-history":[{"count":0,"href":"https:\/\/www.europesays.com\/fr\/wp-json\/wp\/v2\/posts\/319353\/revisions"}],"wp:featuredmedia":[{"embeddable":true,"href":"https:\/\/www.europesays.com\/fr\/wp-json\/wp\/v2\/media\/319354"}],"wp:attachment":[{"href":"https:\/\/www.europesays.com\/fr\/wp-json\/wp\/v2\/media?parent=319353"}],"wp:term":[{"taxonomy":"category","embeddable":true,"href":"https:\/\/www.europesays.com\/fr\/wp-json\/wp\/v2\/categories?post=319353"},{"taxonomy":"post_tag","embeddable":true,"href":"https:\/\/www.europesays.com\/fr\/wp-json\/wp\/v2\/tags?post=319353"}],"curies":[{"name":"wp","href":"https:\/\/api.w.org\/{rel}","templated":true}]}}