{"id":319359,"date":"2025-08-14T20:21:14","date_gmt":"2025-08-14T20:21:14","guid":{"rendered":"https:\/\/www.europesays.com\/fr\/319359\/"},"modified":"2025-08-14T20:21:14","modified_gmt":"2025-08-14T20:21:14","slug":"un-nimois-qui-avait-prete-300-000-euros-a-un-comedien-prepare-une-procedure-pour-recuperer-son-argent","status":"publish","type":"post","link":"https:\/\/www.europesays.com\/fr\/319359\/","title":{"rendered":"Un N\u00eemois qui avait pr\u00eat\u00e9 300\u00a0000\u00a0euros \u00e0 un com\u00e9dien pr\u00e9pare une proc\u00e9dure pour r\u00e9cup\u00e9rer son argent"},"content":{"rendered":"<p>\n                                                                Un N\u00eemois s\u2019\u00e9tait li\u00e9 d\u2019amiti\u00e9 \u00e0 un com\u00e9dien en vue et lui a pr\u00eat\u00e9 300\u00a0000\u00a0euros. Mais le pr\u00eateur peine \u00e0 se faire rembourser. Explications.\n                            <\/p>\n<p>L\u2019affaire est tr\u00e8s sensible \u00e0 travers les montants et les personnalit\u00e9s des protagonistes. Un N\u00eemois qui s\u2019\u00e9tait li\u00e9 d\u2019amiti\u00e9 avec un com\u00e9dien d\u2019une certaine renomm\u00e9e lui a pr\u00eat\u00e9 une forte somme d\u2019argent. Une somme que ce N\u00eemois peine \u00e0 se\u00a0faire rembourser.\u00a0Il\u00a0s\u2019agit d\u2019un pr\u00eat entre amis qui a donn\u00e9 lieu \u00e0 une reconnaissance de dette\u00a0sign\u00e9e dans une \u00e9tude notariale le 10\u00a0juin 2024.<\/p>\n<p>Le N\u00eemois avait\u00a0demand\u00e9 \u00e0 un notaire d\u2019officialiser la transaction avec une reconnaissance de dette qui\u00a0a fait l\u2019objet\u00a0d\u2019un acte authentique o\u00f9 figurait la trace du virement du 5\u00a0juin 2024. L\u2019acte pr\u00e9voyait aussi\u00a0un remboursement sans int\u00e9r\u00eat\u00a0dans les six mois. Sauf que neuf mois apr\u00e8s la date butoir, le pr\u00eateur n\u2019a toujours pas revu\u00a0son argent \u00ab\u00a0et je n\u2019ai m\u00eame plus de\u00a0nouvelles. Avant il disait qu\u2019il \u00e9tait mon ami, il ne m\u2019appelle plus\u00a0et n\u2019a fait aucune proposition de remboursement\u00a0\u00bb, se lamente\u00a0le cr\u00e9ancier qui attend qu\u2019on lui rembourse\u00a0les 300\u00a0000\u00a0euros.<\/p>\n<p>Proc\u00e9dure judiciaire pr\u00e9par\u00e9e\u00a0avec un avocat parisien, huissier pour l\u2019inventaire<\/p>\n<p>\u00c0 cet \u00e9gard, le N\u00eemois qui souhaite rester anonyme a\u00a0indiqu\u00e9 \u00eatre en train de lancer\u00a0une proc\u00e9dure judiciaire pour r\u00e9cup\u00e9rer son argent et\u00a0un huissier se serait rendu au domicile de l\u2019acteur qui aurait commenc\u00e9 \u00e0 faire un inventaire en vue de saisir des biens.\u00a0\u00ab\u00a0J\u2019ai \u00e9t\u00e9 oblig\u00e9 de prendre un avocat\u00a0\u00e0 Paris pour faire valoir mes droits, je ne peux pas en dire davantage mais cet acteur me doit bien\u00a0300\u00a0000\u00a0euros et refuse de me les rendre. Je vous confirme que nous\u00a0sommes en train de lancer\u00a0une proc\u00e9dure\u00a0\u00bb.<\/p>\n<p>Toute personne est pr\u00e9sum\u00e9e\u00a0innocente tant que justice n\u2019a pas \u00e9t\u00e9 d\u00e9finitivement rendue.<\/p>\n","protected":false},"excerpt":{"rendered":"Un N\u00eemois s\u2019\u00e9tait li\u00e9 d\u2019amiti\u00e9 \u00e0 un com\u00e9dien en vue et lui a pr\u00eat\u00e9 300\u00a0000\u00a0euros. Mais le pr\u00eateur&hellip;\n","protected":false},"author":2,"featured_media":319360,"comment_status":"","ping_status":"","sticky":false,"template":"","format":"standard","meta":{"footnotes":""},"categories":[6],"tags":[35,33,34,1011,27],"class_list":{"0":"post-319359","1":"post","2":"type-post","3":"status-publish","4":"format-standard","5":"has-post-thumbnail","7":"category-economie","8":"tag-business","9":"tag-economie","10":"tag-economy","11":"tag-fr","12":"tag-france"},"share_on_mastodon":{"url":"https:\/\/pubeurope.com\/@fr\/115028982798088256","error":""},"_links":{"self":[{"href":"https:\/\/www.europesays.com\/fr\/wp-json\/wp\/v2\/posts\/319359","targetHints":{"allow":["GET"]}}],"collection":[{"href":"https:\/\/www.europesays.com\/fr\/wp-json\/wp\/v2\/posts"}],"about":[{"href":"https:\/\/www.europesays.com\/fr\/wp-json\/wp\/v2\/types\/post"}],"author":[{"embeddable":true,"href":"https:\/\/www.europesays.com\/fr\/wp-json\/wp\/v2\/users\/2"}],"replies":[{"embeddable":true,"href":"https:\/\/www.europesays.com\/fr\/wp-json\/wp\/v2\/comments?post=319359"}],"version-history":[{"count":0,"href":"https:\/\/www.europesays.com\/fr\/wp-json\/wp\/v2\/posts\/319359\/revisions"}],"wp:featuredmedia":[{"embeddable":true,"href":"https:\/\/www.europesays.com\/fr\/wp-json\/wp\/v2\/media\/319360"}],"wp:attachment":[{"href":"https:\/\/www.europesays.com\/fr\/wp-json\/wp\/v2\/media?parent=319359"}],"wp:term":[{"taxonomy":"category","embeddable":true,"href":"https:\/\/www.europesays.com\/fr\/wp-json\/wp\/v2\/categories?post=319359"},{"taxonomy":"post_tag","embeddable":true,"href":"https:\/\/www.europesays.com\/fr\/wp-json\/wp\/v2\/tags?post=319359"}],"curies":[{"name":"wp","href":"https:\/\/api.w.org\/{rel}","templated":true}]}}