{"id":319361,"date":"2025-08-14T20:22:12","date_gmt":"2025-08-14T20:22:12","guid":{"rendered":"https:\/\/www.europesays.com\/fr\/319361\/"},"modified":"2025-08-14T20:22:12","modified_gmt":"2025-08-14T20:22:12","slug":"suisse-un-enfant-saute-dun-plongeoir-et-tue-un-baigneur-en-lui-tombant-sur-la-tete","status":"publish","type":"post","link":"https:\/\/www.europesays.com\/fr\/319361\/","title":{"rendered":"Suisse. Un enfant saute d&rsquo;un plongeoir et tue un baigneur en lui tombant sur la t\u00eate"},"content":{"rendered":"<p>Le drame s\u2019est produit mardi en Suisse, \u00e0 La Chaux-de-Fonds, dans une piscine ext\u00e9rieure publique, \u00e9quip\u00e9e d\u2019un toboggan et de plusieurs plongeoirs.<\/p>\n<p>Un jeune gar\u00e7on\u00a0qui venait de sauter du plongeoir de cinq m\u00e8tres est retomb\u00e9 sur la t\u00eate d&rsquo;un homme de 67 ans. Gri\u00e8vement bless\u00e9, l\u2019homme est mort sur place peu de temps apr\u00e8s, comme le rapporte le m\u00e9dia suisse <a href=\"https:\/\/www.blick.ch\/fr\/suisse\/romande\/drame-a-la-piscine-de-chaux-de-fonds-les-baigneurs-temoignent-id21134232.html\" target=\"_blank\" rel=\"nofollow noopener\">Blick,<\/a> repris par\u00a0<a href=\"https:\/\/www.ladepeche.fr\/2025\/08\/14\/un-enfant-saute-du-plongeoir-a-la-piscine-il-tombe-sur-la-tete-dun-baigneur-et-le-tue-12875932.php\" target=\"_blank\" rel=\"nofollow noopener\">La\u00a0D\u00e9p\u00eache du Midi<\/a>.<\/p>\n<p>Apr\u00e8s le choc, la victime se serait noy\u00e9e\u00a0en ouvrant la bouche par r\u00e9flexe au moment de la collision. Les surveillants de baignade se sont relay\u00e9s de longues minutes pour r\u00e9aliser un massage cardiaque avant l&rsquo;arriv\u00e9e des secours, mais l&rsquo;homme est d\u00e9c\u00e9d\u00e9 sur place.<\/p>\n<p>Ce contenu est bloqu\u00e9 car vous n&rsquo;avez pas accept\u00e9 les cookies et autres traceurs.<\/p>\n<p>En cliquant sur \u00ab J\u2019accepte \u00bb, les cookies et autres traceurs seront d\u00e9pos\u00e9s et vous pourrez visualiser les contenus  (<a href=\"\" class=\"consentModule_policy\" target=\"_blank\" title=\"Consulter la politique de protection des donn\u00e9es du fournisseur\">plus d&rsquo;informations<\/a>).<\/p>\n<p>En cliquant sur \u00ab J\u2019accepte tous les cookies \u00bb, vous autorisez des d\u00e9p\u00f4ts de cookies et autres traceurs pour le stockage de vos donn\u00e9es sur nos sites et applications \u00e0 des fins de personnalisation et de ciblage publicitaire.<\/p>\n<p class=\"consentModule_secondaryText\">Vous gardez la possibilit\u00e9 de retirer votre consentement \u00e0 tout moment en consultant notre <a href=\"https:\/\/www.ledauphine.com\/protection-des-donnees\" target=\"_blank\" title=\"Consulter notre politique de protection des donn\u00e9es\" rel=\"nofollow noopener\">politique de protection des donn\u00e9es<\/a>. <br \/>&#13;<br \/>\n            <a href=\"https:\/\/www.ledauphine.com\/faits-divers-justice\/2025\/08\/14\/javascript:Didomi.notice.show()\" class=\"consentModule_cmp\" rel=\"nofollow noopener\" target=\"_blank\">G\u00e9rer mes choix<\/a>&#13;\n        <\/p>\n<p>&#13;<br \/>\n                        J&rsquo;accepte&#13;<br \/>\n            J&rsquo;accepte tous les cookies&#13;\n        <\/p>\n<p>  L&rsquo;enfant retrouv\u00e9<\/p>\n<p>L&rsquo;affaire ne s&rsquo;arr\u00eate pas l\u00e0. En effet, l&rsquo;enfant n&rsquo;a pas \u00e9t\u00e9 retrouv\u00e9 tout de suite. La police cantonale neuch\u00e2teloise recherchait le gar\u00e7on d&rsquo;une dizaine d&rsquo;ann\u00e9es\u00a0qui avait quitt\u00e9\u00a0la piscine peu apr\u00e8s le choc, possiblement accompagn\u00e9 d&rsquo;une femme, selon la police.<\/p>\n<p>L&rsquo;enfant impliqu\u00e9 a finalement \u00e9t\u00e9 retrouv\u00e9 et entendu mercredi par la police, comme le rapporte\u00a0<a href=\"https:\/\/www.letemps.ch\/suisse\/neuchatel\/un-accident-mortel-a-la-piscine-de-la-chaux-de-fonds-rappelle-que-la-securite-est-l-affaire-de-tous\" target=\"_blank\" rel=\"nofollow noopener\">Le Temps<\/a>.\u00a0Ag\u00e9 de huit ans, il ne sera pas expos\u00e9 \u00e0 la justice p\u00e9nale.<\/p>\n<p class=\"note\">&gt;&gt; Lire l&rsquo;article de <a href=\"https:\/\/www.blick.ch\/fr\/suisse\/romande\/drame-a-la-piscine-de-chaux-de-fonds-les-baigneurs-temoignent-id21134232.html\" target=\"_blank\" rel=\"nofollow noopener\">Blick<\/a>.\u00a0<\/p>\n","protected":false},"excerpt":{"rendered":"Le drame s\u2019est produit mardi en Suisse, \u00e0 La Chaux-de-Fonds, dans une piscine ext\u00e9rieure publique, \u00e9quip\u00e9e d\u2019un toboggan&hellip;\n","protected":false},"author":2,"featured_media":319362,"comment_status":"","ping_status":"","sticky":false,"template":"","format":"standard","meta":{"footnotes":""},"categories":[5],"tags":[119,11,274,107,1011,27,329,14,12,28],"class_list":{"0":"post-319361","1":"post","2":"type-post","3":"status-publish","4":"format-standard","5":"has-post-thumbnail","7":"category-international","8":"tag-accident","9":"tag-actualites","10":"tag-faits-divers-justice","11":"tag-fil-info","12":"tag-fr","13":"tag-france","14":"tag-france-monde","15":"tag-international","16":"tag-news","17":"tag-world"},"share_on_mastodon":{"url":"https:\/\/pubeurope.com\/@fr\/115028986747996723","error":""},"_links":{"self":[{"href":"https:\/\/www.europesays.com\/fr\/wp-json\/wp\/v2\/posts\/319361","targetHints":{"allow":["GET"]}}],"collection":[{"href":"https:\/\/www.europesays.com\/fr\/wp-json\/wp\/v2\/posts"}],"about":[{"href":"https:\/\/www.europesays.com\/fr\/wp-json\/wp\/v2\/types\/post"}],"author":[{"embeddable":true,"href":"https:\/\/www.europesays.com\/fr\/wp-json\/wp\/v2\/users\/2"}],"replies":[{"embeddable":true,"href":"https:\/\/www.europesays.com\/fr\/wp-json\/wp\/v2\/comments?post=319361"}],"version-history":[{"count":0,"href":"https:\/\/www.europesays.com\/fr\/wp-json\/wp\/v2\/posts\/319361\/revisions"}],"wp:featuredmedia":[{"embeddable":true,"href":"https:\/\/www.europesays.com\/fr\/wp-json\/wp\/v2\/media\/319362"}],"wp:attachment":[{"href":"https:\/\/www.europesays.com\/fr\/wp-json\/wp\/v2\/media?parent=319361"}],"wp:term":[{"taxonomy":"category","embeddable":true,"href":"https:\/\/www.europesays.com\/fr\/wp-json\/wp\/v2\/categories?post=319361"},{"taxonomy":"post_tag","embeddable":true,"href":"https:\/\/www.europesays.com\/fr\/wp-json\/wp\/v2\/tags?post=319361"}],"curies":[{"name":"wp","href":"https:\/\/api.w.org\/{rel}","templated":true}]}}