{"id":319368,"date":"2025-08-14T20:26:12","date_gmt":"2025-08-14T20:26:12","guid":{"rendered":"https:\/\/www.europesays.com\/fr\/319368\/"},"modified":"2025-08-14T20:26:12","modified_gmt":"2025-08-14T20:26:12","slug":"lunicef-offre-six-missions-de-service-civique-a-saint-etienne-et-roanne","status":"publish","type":"post","link":"https:\/\/www.europesays.com\/fr\/319368\/","title":{"rendered":"L&rsquo;UNICEF OFFRE SIX MISSIONS DE SERVICE CIVIQUE \u00c0 SAINT-\u00c9TIENNE ET ROANNE"},"content":{"rendered":"<p>                <a href=\"https:\/\/cadenceradio.fr\" target=\"_blank\" aria-label=\"Banni\u00e8re Cadence 2025\" rel=\"noopener\"><img loading=\"lazy\" decoding=\"async\" src=\"https:\/\/www.europesays.com\/fr\/wp-content\/uploads\/2025\/07\/Banniere-Cadence-2025-scaled.jpg\" alt=\"\"   width=\"2560\" height=\"738\"\/><\/a><\/p>\n<p>Ce programme de volontariat s\u2019adresse exclusivement aux jeunes \u00e2g\u00e9s de 16 \u00e0 25 ans, avec une extension possible jusqu\u2019\u00e0 30 ans pour les personnes en situation de handicap. Cette opportunit\u00e9 repr\u00e9sente bien plus qu\u2019une simple exp\u00e9rience b\u00e9n\u00e9vole : elle constitue un v\u00e9ritable levier de d\u00e9veloppement personnel et professionnel pour les participants. La p\u00e9riode d\u2019engagement s\u2019\u00e9tendra du 1er octobre 2025 au 31 mai 2026, couvrant ainsi l\u2019ensemble de l\u2019ann\u00e9e scolaire et permettant une immersion compl\u00e8te dans les activit\u00e9s de l\u2019organisation.<\/p>\n<p><strong>Quatre postes st\u00e9phanois, deux roannais<\/strong><\/p>\n<p>La r\u00e9partition g\u00e9ographique privil\u00e9gie Saint-\u00c9tienne avec quatre positions disponibles, compl\u00e9t\u00e9es par deux postes bas\u00e9s \u00e0 Roanne. Cette distribution territoriale vise \u00e0 couvrir efficacement les deux principales agglom\u00e9rations du d\u00e9partement et \u00e0 maximiser l\u2019impact des actions de sensibilisation. Les volontaires s\u00e9lectionn\u00e9s int\u00e9greront les \u00e9quipes locales de l\u2019Unicef pour mener \u00e0 bien leurs missions sur leurs territoires respectifs.<\/p>\n<p><strong>Trois axes d\u2019intervention compl\u00e9mentaires<\/strong><\/p>\n<p>Les missions s\u2019articulent autour de trois volets distincts mais compl\u00e9mentaires. Le premier concerne les interventions dans les \u00e9tablissements scolaires et les structures p\u00e9riscolaires, permettant aux volontaires de toucher directement le public jeune dans son environnement quotidien.<\/p>\n<p>Le second axe porte sur l\u2019organisation et l\u2019animation d\u2019\u00e9v\u00e9nements publics organis\u00e9s par l\u2019Unicef. Ces manifestations repr\u00e9sentent des moments privil\u00e9gi\u00e9s pour sensibiliser un public plus large aux enjeux des droits de l\u2019enfant.<\/p>\n<p><strong>Une formation enrichissante et diversifi\u00e9e<\/strong><\/p>\n<p>Le troisi\u00e8me volet offre aux participants de multiples opportunit\u00e9s de d\u00e9couverte dans des domaines vari\u00e9s. La communication, la vie associative et les relations partenariales constituent autant de terrains d\u2019apprentissage pour ces jeunes volontaires.<\/p>\n<p>Cette exp\u00e9rience de huit mois repr\u00e9sente un atout consid\u00e9rable sur un curriculum vitae et peut orienter de futurs choix de carri\u00e8re dans le secteur associatif, humanitaire ou de l\u2019action sociale.<\/p>\n<p><strong>Modalit\u00e9s de candidature<\/strong><\/p>\n<p>Les jeunes int\u00e9ress\u00e9s par ces missions peuvent adresser leur candidature \u00e0 l\u2019adresse \u00e9lectronique unicef42@unicef.fr. Pour obtenir des informations compl\u00e9mentaires, ils peuvent \u00e9galement contacter directement les responsables locaux.<\/p>\n<p>Les candidats st\u00e9phanois peuvent joindre l\u2019antenne locale au 06.85.43.52.33, tandis que ceux int\u00e9ress\u00e9s par les postes roannais peuvent appeler le 06.07.60.03.44 pour toute question relative \u00e0 ces opportunit\u00e9s d\u2019engagement.<\/p>\n","protected":false},"excerpt":{"rendered":"Ce programme de volontariat s\u2019adresse exclusivement aux jeunes \u00e2g\u00e9s de 16 \u00e0 25 ans, avec une extension possible&hellip;\n","protected":false},"author":2,"featured_media":319369,"comment_status":"","ping_status":"","sticky":false,"template":"","format":"standard","meta":{"footnotes":""},"categories":[9653],"tags":[1111,11,2430,1777,674,1011,27,3367,12,25,9838,4001,11381],"class_list":{"0":"post-319368","1":"post","2":"type-post","3":"status-publish","4":"format-standard","5":"has-post-thumbnail","7":"category-saint-etienne","8":"tag-actu","9":"tag-actualites","10":"tag-auvergne-rhone-alpes","11":"tag-eu","12":"tag-europe","13":"tag-fr","14":"tag-france","15":"tag-loire","16":"tag-news","17":"tag-republique-francaise","18":"tag-roanne","19":"tag-saint-etienne","20":"tag-unicef"},"share_on_mastodon":{"url":"https:\/\/pubeurope.com\/@fr\/115029002675239891","error":""},"_links":{"self":[{"href":"https:\/\/www.europesays.com\/fr\/wp-json\/wp\/v2\/posts\/319368","targetHints":{"allow":["GET"]}}],"collection":[{"href":"https:\/\/www.europesays.com\/fr\/wp-json\/wp\/v2\/posts"}],"about":[{"href":"https:\/\/www.europesays.com\/fr\/wp-json\/wp\/v2\/types\/post"}],"author":[{"embeddable":true,"href":"https:\/\/www.europesays.com\/fr\/wp-json\/wp\/v2\/users\/2"}],"replies":[{"embeddable":true,"href":"https:\/\/www.europesays.com\/fr\/wp-json\/wp\/v2\/comments?post=319368"}],"version-history":[{"count":0,"href":"https:\/\/www.europesays.com\/fr\/wp-json\/wp\/v2\/posts\/319368\/revisions"}],"wp:featuredmedia":[{"embeddable":true,"href":"https:\/\/www.europesays.com\/fr\/wp-json\/wp\/v2\/media\/319369"}],"wp:attachment":[{"href":"https:\/\/www.europesays.com\/fr\/wp-json\/wp\/v2\/media?parent=319368"}],"wp:term":[{"taxonomy":"category","embeddable":true,"href":"https:\/\/www.europesays.com\/fr\/wp-json\/wp\/v2\/categories?post=319368"},{"taxonomy":"post_tag","embeddable":true,"href":"https:\/\/www.europesays.com\/fr\/wp-json\/wp\/v2\/tags?post=319368"}],"curies":[{"name":"wp","href":"https:\/\/api.w.org\/{rel}","templated":true}]}}