{"id":319372,"date":"2025-08-14T20:31:10","date_gmt":"2025-08-14T20:31:10","guid":{"rendered":"https:\/\/www.europesays.com\/fr\/319372\/"},"modified":"2025-08-14T20:31:10","modified_gmt":"2025-08-14T20:31:10","slug":"cecile-et-nicolas-la-provence-en-heritage-a-six-fours","status":"publish","type":"post","link":"https:\/\/www.europesays.com\/fr\/319372\/","title":{"rendered":"C\u00e9cile et Nicolas, la Provence en h\u00e9ritage \u00e0 Six-Fours"},"content":{"rendered":"<p>Lui, derri\u00e8re son \u00e9tabli, polit le bois d\u2019un galoubet ou accorde le grave battement d\u2019un tambourin. Elle, dans la lumi\u00e8re des f\u00eates proven\u00e7ales, danse v\u00eatue du costume traditionnel, jupons d\u00e9ploy\u00e9s, sourire franc. Ensemble, Nicolas et C\u00e9cile Ulerie font vivre une culture qui se transmet autant par les sons que par les gestes. Leurs parcours se r\u00e9pondent depuis toujours. Nicolas est luthier, musicien et collectionneur. Il pr\u00e9side La R\u00f2de de Basse-Provence, qui rassemble les passionn\u00e9s d\u2019arts et traditions populaires, et est professeur de musique \u00e0 Lou Raioulet.<\/p>\n<p>Elle a grandi au rythme des traditions locales<\/p>\n<p>C\u00e9cile, arri\u00e8re-petite-fille du p\u00eacheur du Brusc Marius Bourelli, a grandi au rythme des traditions locales. \u00c0 huit ans, elle rejoint un groupe de danse folklorique, o\u00f9 elle d\u00e9couvre la richesse du costume et la pr\u00e9cision des pas. Nicolas, lui, apprend son premier instrument avec son fr\u00e8re pour accompagner une messe traditionnelle \u00e0 Nans-les-Pins.<\/p>\n<p>Leur destin se croise en 1994, lors d\u2019un examen de musique. Depuis, ils ne se sont plus quitt\u00e9s, unissant leurs talents pour que le galoubet et le tambourin continuent de battre au c\u0153ur de la Provence. On les retrouve \u00e0 chaque rendez-vous folklorique de la commune avec le reste des membres de l\u2019association.<\/p>\n<p>Le prochain aura lieu pour les Journ\u00e9es du patrimoine, \u00e0 la Maison du Cygne, o\u00f9 ils uniront musique et danse, avec le reste de la troupe, pour faire revivre la Provence d\u2019autrefois. Anim\u00e9s par le go\u00fbt du partage, ils font de leur vie un acte de transmission.<\/p>\n","protected":false},"excerpt":{"rendered":"Lui, derri\u00e8re son \u00e9tabli, polit le bois d\u2019un galoubet ou accorde le grave battement d\u2019un tambourin. Elle, dans&hellip;\n","protected":false},"author":2,"featured_media":319373,"comment_status":"","ping_status":"","sticky":false,"template":"","format":"standard","meta":{"footnotes":""},"categories":[9619],"tags":[1111,11,5972,1777,674,1011,27,873,12,882,25,2310,3366],"class_list":{"0":"post-319372","1":"post","2":"type-post","3":"status-publish","4":"format-standard","5":"has-post-thumbnail","7":"category-toulon","8":"tag-actu","9":"tag-actualites","10":"tag-danse","11":"tag-eu","12":"tag-europe","13":"tag-fr","14":"tag-france","15":"tag-musique","16":"tag-news","17":"tag-provence-alpes-cote-dazur","18":"tag-republique-francaise","19":"tag-toulon","20":"tag-vie-locale"},"share_on_mastodon":{"url":"https:\/\/pubeurope.com\/@fr\/115029022048356098","error":""},"_links":{"self":[{"href":"https:\/\/www.europesays.com\/fr\/wp-json\/wp\/v2\/posts\/319372","targetHints":{"allow":["GET"]}}],"collection":[{"href":"https:\/\/www.europesays.com\/fr\/wp-json\/wp\/v2\/posts"}],"about":[{"href":"https:\/\/www.europesays.com\/fr\/wp-json\/wp\/v2\/types\/post"}],"author":[{"embeddable":true,"href":"https:\/\/www.europesays.com\/fr\/wp-json\/wp\/v2\/users\/2"}],"replies":[{"embeddable":true,"href":"https:\/\/www.europesays.com\/fr\/wp-json\/wp\/v2\/comments?post=319372"}],"version-history":[{"count":0,"href":"https:\/\/www.europesays.com\/fr\/wp-json\/wp\/v2\/posts\/319372\/revisions"}],"wp:featuredmedia":[{"embeddable":true,"href":"https:\/\/www.europesays.com\/fr\/wp-json\/wp\/v2\/media\/319373"}],"wp:attachment":[{"href":"https:\/\/www.europesays.com\/fr\/wp-json\/wp\/v2\/media?parent=319372"}],"wp:term":[{"taxonomy":"category","embeddable":true,"href":"https:\/\/www.europesays.com\/fr\/wp-json\/wp\/v2\/categories?post=319372"},{"taxonomy":"post_tag","embeddable":true,"href":"https:\/\/www.europesays.com\/fr\/wp-json\/wp\/v2\/tags?post=319372"}],"curies":[{"name":"wp","href":"https:\/\/api.w.org\/{rel}","templated":true}]}}