{"id":319379,"date":"2025-08-14T20:35:10","date_gmt":"2025-08-14T20:35:10","guid":{"rendered":"https:\/\/www.europesays.com\/fr\/319379\/"},"modified":"2025-08-14T20:35:10","modified_gmt":"2025-08-14T20:35:10","slug":"foires-a-tout-braderies-ou-chiner-en-seine-maritime-ce-vendredi-15-aout","status":"publish","type":"post","link":"https:\/\/www.europesays.com\/fr\/319379\/","title":{"rendered":"Foires \u00e0 tout, braderies&#8230; O\u00f9 chiner en Seine-Maritime ce vendredi 15 ao\u00fbt\u00a0?"},"content":{"rendered":"<p>            Par<br \/>\n        <strong><br \/>\n            <a href=\"https:\/\/actu.fr\/auteur\/fmass\" title=\"Consulter tous les articles de Fabien Massin\" target=\"_blank\" rel=\"noopener\">Fabien Massin<\/a><br \/>\n        <\/strong><\/p>\n<p>        Publi\u00e9 le<\/p>\n<p>            14 ao\u00fbt 2025 \u00e0 20h38        <\/p>\n<p>Chineur du mois d\u2019ao\u00fbt, vous avez une occasion de plus de d\u00e9nicher des tr\u00e9sors avec le vendredi 15 ao\u00fbt f\u00e9ri\u00e9. Voici une liste (non exhaustive) de <a href=\"https:\/\/actu.fr\/tag\/foires-a-tout\" target=\"_blank\" rel=\"noopener\">foires \u00e0 tout<\/a> et <a href=\"https:\/\/actu.fr\/tag\/vide-greniers\" target=\"_blank\" rel=\"noopener\">vide-greniers<\/a> \u00e0 retrouver en <a href=\"https:\/\/actu.fr\/normandie\/seine-maritime_76\" target=\"_blank\" rel=\"noopener\">Seine-Maritime<\/a> vendredi 15 ao\u00fbt 2025.\u00a0<\/p>\n<p>Les foires \u00e0 tout du 15 ao\u00fbt en Seine-Maritime<\/p>\n<p class=\" wall-content\"><strong>\u2022 Bellencombre :<\/strong> foire \u00e0 tout au stade de foot de 8h \u00e0 18h. Entre 100 et 200 exposants, entr\u00e9e gratuite.\u00a0<\/p>\n<p class=\" wall-content\"><strong>\u2022 Beuzeville-la-Grenier :<\/strong> vide-greniers au stade de 8h \u00e0 17h. Entre 100 et 200 exposants, entr\u00e9e 1 euro.\u00a0<\/p>\n<p class=\" wall-content\"><strong>\u2022 Dieppe :<\/strong> braderie\/foire \u00e0 tout des commer\u00e7ants dans la Grande-Rue de 7h \u00e0 18h. Entre 100 et 200 exposants, entr\u00e9e gratuite.\u00a0<\/p>\n<p class=\" wall-content\"><strong>\u2022 Duclair :<\/strong> foire \u00e0 tout de 6h \u00e0 18h au\u00a0hameau des Monts. Entre 100 et 200 exposants, entr\u00e9e gratuite.\u00a0<\/p>\n<p class=\" wall-content\"><strong>\u2022 F\u00e9camp :<\/strong> vide-greniers rue l\u2019Aum\u00f4ne de 8h \u00e0 18h. Entre 50 et 100 exposants, entr\u00e9e 1 euro.\u00a0<\/p>\n<p class=\" wall-content\"><strong>\u2022 Lamberville :<\/strong> foire \u00e0 tout et exposition de v\u00e9hicules anciens route de la Vienne de 7h \u00e0 18h. Moins de 50 exposants, entr\u00e9e gratuite.\u00a0<\/p>\n<p class=\" wall-content\"><strong>\u2022 Le Tilleul :<\/strong> vide-greniers au stade de 7h \u00e0 17h30. Entre 100 et 200 exposants, entr\u00e9e 1 euro.\u00a0<\/p>\n<p class=\" wall-content\"><strong>\u2022 Le Havre :<\/strong> brocante place Perret de 8h \u00e0 14h. Moins de 50 exposants, entr\u00e9e gratuite.\u00a0<\/p>\n<p class=\" wall-content\"><strong>\u2022 Limpiville :<\/strong> vide-greniers \u00e0 la salle des f\u00eates.\u00a0<\/p>\n<p class=\" wall-content\"><strong>\u2022 Man\u00e9glise :<\/strong> vide-greniers au stade de 7h30 \u00e0 18h. Entre 50 et 100 exposants, entr\u00e9e 1 euro.\u00a0<\/p>\n<p class=\" wall-content\"><strong>\u2022 Petit-Caux (Saint-Martin-en-Campagne) :<\/strong> foire \u00e0 tout parking Jacques-Brel de 6h \u00e0 17h. entr\u00e9e gratuite.\u00a0<\/p>\n<p class=\" wall-content\"><strong>\u2022 Saint-Pierre-en-Port :<\/strong> vide-greniers au stade de 8h \u00e0 18h. Moins de 50 exposants, entr\u00e9e 1 euro.\u00a0<\/p>\n<p class=\" wall-content\"><strong>\u2022 Sainte-H\u00e9l\u00e8ne-Bondeville :<\/strong> vide-greniers \u00e0 l\u2019\u00e9cole de 7h30 \u00e0 18h. Entre 50 et 100 exposants, entr\u00e9e 1 euro.\u00a0<\/p>\n<p>Vous souhaitez annoncer un \u00e9v\u00e9nement festif ou associatif, une initiative locale ? Rendez-vous sur notre plateforme <a href=\"https:\/\/www.infolocale.fr\/decouvrir\/actu\/\" target=\"_blank\" rel=\"noopener\">Infolocale<\/a>.<\/p>\n<p class=\" wall-content\">Suivez toute l\u2019actualit\u00e9 de vos villes et m\u00e9dias favoris en vous inscrivant \u00e0 <a href=\"https:\/\/moncompte.actu.fr\" title=\"D\u00e9couvez Mon Actu\" rel=\"nofollow noopener\" data-trk=\"{&quot;cta&quot;:{&quot;action&quot;:&quot;https:\\\/\\\/moncompte.actu.fr&quot;,&quot;category&quot;:&quot;mon compte&quot;,&quot;from&quot;:&quot;article footer&quot;,&quot;name&quot;:&quot;Mon actu&quot;,&quot;type&quot;:&quot;cta&quot;}}\" target=\"_blank\">Mon Actu<\/a>.<\/p>\n<ul class=\"ac-article-tag wall-content\">\n<li><a href=\"https:\/\/actu.fr\/tag\/foires-a-tout\" data-trk=\"{&quot;cta&quot;:{&quot;action&quot;:&quot;Foires \\u00e0 tout&quot;,&quot;category&quot;:&quot;tag&quot;,&quot;from&quot;:&quot;article footer&quot;,&quot;name&quot;:&quot;Foires \\u00e0 tout&quot;,&quot;type&quot;:&quot;cta&quot;}}\" target=\"_blank\" rel=\"noopener\">#Foires \u00e0 tout<\/a><\/li>\n<li><a href=\"https:\/\/actu.fr\/tag\/vide-greniers\" data-trk=\"{&quot;cta&quot;:{&quot;action&quot;:&quot;Vide-greniers&quot;,&quot;category&quot;:&quot;tag&quot;,&quot;from&quot;:&quot;article footer&quot;,&quot;name&quot;:&quot;Vide-greniers&quot;,&quot;type&quot;:&quot;cta&quot;}}\" target=\"_blank\" rel=\"noopener\">#Vide-greniers<\/a><\/li>\n<\/ul>\n","protected":false},"excerpt":{"rendered":"Par Fabien Massin Publi\u00e9 le 14 ao\u00fbt 2025 \u00e0 20h38 Chineur du mois d\u2019ao\u00fbt, vous avez une occasion&hellip;\n","protected":false},"author":2,"featured_media":319380,"comment_status":"","ping_status":"","sticky":false,"template":"","format":"standard","meta":{"footnotes":""},"categories":[9587],"tags":[1111,11,1777,674,10087,1011,27,1652,12,5161,25,9590,3365],"class_list":{"0":"post-319379","1":"post","2":"type-post","3":"status-publish","4":"format-standard","5":"has-post-thumbnail","7":"category-rouen","8":"tag-actu","9":"tag-actualites","10":"tag-eu","11":"tag-europe","12":"tag-foires-a-tout","13":"tag-fr","14":"tag-france","15":"tag-loisirs-culture","16":"tag-news","17":"tag-normandie","18":"tag-republique-francaise","19":"tag-rouen","20":"tag-vide-greniers"},"share_on_mastodon":{"url":"https:\/\/pubeurope.com\/@fr\/115029037884040045","error":""},"_links":{"self":[{"href":"https:\/\/www.europesays.com\/fr\/wp-json\/wp\/v2\/posts\/319379","targetHints":{"allow":["GET"]}}],"collection":[{"href":"https:\/\/www.europesays.com\/fr\/wp-json\/wp\/v2\/posts"}],"about":[{"href":"https:\/\/www.europesays.com\/fr\/wp-json\/wp\/v2\/types\/post"}],"author":[{"embeddable":true,"href":"https:\/\/www.europesays.com\/fr\/wp-json\/wp\/v2\/users\/2"}],"replies":[{"embeddable":true,"href":"https:\/\/www.europesays.com\/fr\/wp-json\/wp\/v2\/comments?post=319379"}],"version-history":[{"count":0,"href":"https:\/\/www.europesays.com\/fr\/wp-json\/wp\/v2\/posts\/319379\/revisions"}],"wp:featuredmedia":[{"embeddable":true,"href":"https:\/\/www.europesays.com\/fr\/wp-json\/wp\/v2\/media\/319380"}],"wp:attachment":[{"href":"https:\/\/www.europesays.com\/fr\/wp-json\/wp\/v2\/media?parent=319379"}],"wp:term":[{"taxonomy":"category","embeddable":true,"href":"https:\/\/www.europesays.com\/fr\/wp-json\/wp\/v2\/categories?post=319379"},{"taxonomy":"post_tag","embeddable":true,"href":"https:\/\/www.europesays.com\/fr\/wp-json\/wp\/v2\/tags?post=319379"}],"curies":[{"name":"wp","href":"https:\/\/api.w.org\/{rel}","templated":true}]}}