{"id":319381,"date":"2025-08-14T20:36:16","date_gmt":"2025-08-14T20:36:16","guid":{"rendered":"https:\/\/www.europesays.com\/fr\/319381\/"},"modified":"2025-08-14T20:36:16","modified_gmt":"2025-08-14T20:36:16","slug":"national-j2-tavares-dans-le-groupe-faire-de-gaston-gerard-une-forteresse-ce-quil-faut-savoir-avant-dfco-rouen","status":"publish","type":"post","link":"https:\/\/www.europesays.com\/fr\/319381\/","title":{"rendered":"National (J2) &#8211; Tavares dans le groupe, \u00ab\u00a0faire de Gaston-G\u00e9rard une forteresse\u00a0\u00bb, ce qu&rsquo;il faut savoir avant DFCO-Rouen"},"content":{"rendered":"<p>Une semaine apr\u00e8s sa reprise r\u00e9ussie \u00e0 Orl\u00e9ans, le DFCO veut encha\u00eener ce vendredi devant ses supporters au stade Gaston-G\u00e9rard. Les hommes de Baptiste Ridira accueillent le FC Rouen pour la 2e journ\u00e9e de National (19h30). Une premi\u00e8re aussi pour Julio Tavares, retenu dans le groupe pour ce match.<\/p>\n<p>Le DFCO est de retour \u00e0 la maison\u00a0! En confiance apr\u00e8s leur <a class=\"IciLink ici-link IciArticleLink g-ici-body-regular-1 underline brand svelte-lu7k6w\" href=\"https:\/\/www.francebleu.fr\/sports\/football\/en-direct-football-vivez-la-reprise-du-championnat-de-national-entre-orleans-et-le-dfco-8036052\" rel=\"nofollow noopener\" target=\"_blank\">succ\u00e8s renversant \u00e0 Orl\u00e9ans<\/a>\u00a0(2-1)\u00a0en ouverture du championnat il y a une semaine, <strong>les Rouges accueillent le FC Rouen, ce vendredi, au stade Gaston-G\u00e9rard<\/strong> pour cette deuxi\u00e8me journ\u00e9e de National, avec l&rsquo;ambition de faire de l&rsquo;enceinte dijonnaise \u00ab\u00a0une forteresse\u00a0\u00bb. Les Normands ont conc\u00e9d\u00e9 le nul \u00e0 domicile lors de la 1ere journ\u00e9e face au promu FC Fleury 91 (0-0).<\/p>\n<p>Premi\u00e8re pour Julio Tavares<\/p>\n<p><a class=\"IciLink ici-link IciArticleLink g-ici-body-regular-1 underline brand svelte-lu7k6w\" href=\"https:\/\/www.francebleu.fr\/sports\/football\/football-montrer-que-je-suis-toujours-ce-julio-qui-donne-tout-assure-julio-tavares-de-retour-au-dfco-6086142\" rel=\"nofollow noopener\" target=\"_blank\">Au micro de ICI Bourgogne<\/a>, Julio Tavares se fixait pour ambition d&rsquo;\u00eatre dans le groupe pour cette deuxi\u00e8me rencontre de la saison en National. Objectif atteint. <strong>Le chouchou de Gaston-G\u00e9rard est bien l&rsquo;un des 18 joueurs retenus<\/strong> par Baptiste Ridira.<\/p>\n<p>Premi\u00e8re \u00e9galement dans le groupe pour deux autres recrues,\u00a0<a class=\"IciLink ici-link IciArticleLink g-ici-body-regular-1 underline brand svelte-lu7k6w\" href=\"https:\/\/www.francebleu.fr\/sports\/football\/national-le-defenseur-central-waly-diouf-nouvelle-recrue-du-dfco-4449756\" rel=\"nofollow noopener\" target=\"_blank\">le d\u00e9fenseur Waly Diouf<\/a>\u00a0et\u00a0<a class=\"IciLink ici-link IciArticleLink g-ici-body-regular-1 underline brand svelte-lu7k6w\" href=\"https:\/\/www.francebleu.fr\/sports\/football\/national-brandon-ndezi-et-loris-dupont-milieux-de-terrain-de-national-2-rejoignent-le-dfco-4010078\" rel=\"nofollow noopener\" target=\"_blank\">le milieu de terrain Loris Dupont<\/a>. <strong>Reste \u00e0 savoir qui seront les deux \u00e9l\u00e9ments qui prendront place en tribune<\/strong>, puisque seuls 16 joueurs peuvent figurer sur une feuille de match en National. Le lat\u00e9ral gauche Fady Khetir n&rsquo;est lui toujours pas appel\u00e9, afin de peaufiner sa pr\u00e9paration physique. \u00ab\u00a0Il y a des timings de pr\u00e9paration athl\u00e9tique diff\u00e9rents, on est sur de la mise en confiance, sur de la capacit\u00e9 \u00e0 amener des joueurs, progressivement, \u00e0 rentrer dans le groupe \u00e0 leur meilleur niveau\u00a0\u00bb, expliquait Baptiste Ridira ce jeudi \u00e0 propos de l&rsquo;ancien joueur d&rsquo;Aubagne mais aussi de Julio Tavares et Waly Diouf.<\/p>\n<p> Hamada bless\u00e9 et absent tout le mois d&rsquo;ao\u00fbt<\/p>\n<p>Auteur d&rsquo;une excellente entr\u00e9e en jeu au stade de la Source, avec notamment le penalty de la victoire provoqu\u00e9, <strong>Ben-Chayeel Hamada va manquer les prochaines semaines de comp\u00e9tition<\/strong>. Le milieu de terrain s&rsquo;est bless\u00e9 \u00e0 un ischio-jambier mardi \u00e0 l&rsquo;entra\u00eenement. \u00ab\u00a0Il sera absent potentiellement trois semaines\u00a0\u00bb, a annonc\u00e9 Baptiste Ridira, ce jeudi en conf\u00e9rence de presse d&rsquo;avant-match. Regrettable, parce qu&rsquo;au-del\u00e0 de sa bonne rentr\u00e9e \u00e0 Orl\u00e9ans, le joueur de 22 ans poss\u00e8de un profil polyvalent. Il peut jouer \u00e0 tous les postes de l&rsquo;entrejeu et m\u00eame d\u00e9panner comme lat\u00e9ral.<\/p>\n<p>L&rsquo;appel de Baptiste Ridira aux supporters dijonnais<\/p>\n<p>Pour cette premi\u00e8re \u00e0 domicile, Baptiste Ridira a insist\u00e9 sur l&rsquo;importance de rendre ce DFCO attractif, afin d&rsquo;attirer des spectateurs dans un stade qui sonnait trop souvent vide la saison derni\u00e8re. \u00ab\u00a0Il faut\u00a0qu&rsquo;on soit soutenus et qu&rsquo;on donne envie aux gens d&rsquo;\u00eatre l\u00e0, qu&rsquo;on leur donne envie de venir voir les matchs \u00e0 Gaston-G\u00e9rard. On sait tr\u00e8s bien qu&rsquo;une dynamique de victoire, le fait de se m\u00ealer pourquoi pas \u00e0 la lutte pour monter peut amener \u00e7a aussi.\u00a0Quand j&rsquo;aligne une \u00e9quipe et que je suis sur le banc du DFCO aujourd&rsquo;hui, je me sens soutenu. Et \u00e7a, c&rsquo;est tr\u00e8s important. Parce qu&rsquo;on sent qu&rsquo;on a des gens derri\u00e8re nous. On sent qu&rsquo;il y a de l&rsquo;attente, pas de d\u00e9fiance. C&rsquo;est sain et il faut que \u00e7a le soit encore plus, je pense, parce qu&rsquo;il faut qu&rsquo;il y ait vraiment cette harmonie collective qui pousse tout un club avec sa ville derri\u00e8re ses supporters\u00a0\u00bb, a notamment avanc\u00e9 l&rsquo;entra\u00eeneur des Rouges, qui veut faire\u00a0 de \u00ab\u00a0Gaston G\u00e9rard une forteresse. Quand on joue \u00e0 domicile, \u00e7a doit pas \u00eatre nos genoux, mais plut\u00f4t ceux des adversaires qui tremblent\u00a0\u00bb, a lanc\u00e9 le technicien.<\/p>\n<p>Indispensable quand on vise la mont\u00e9e, avance Baptiste Ridira\u00a0: \u00ab\u00a0Sur les trois \u00e9quipes qui montent la saison derni\u00e8re, elles sont venues s&rsquo;imposer \u00e0 Gaston-G\u00e9rard, Nancy 1-0, Le Mans 5-0 et Boulogne-sur-Mer 3-0, donc \u00e7a, \u00e7a ne doit plus arriver.\u00a0\u00bb<\/p>\n<p>La stat\u00a0: 100%<\/p>\n<p><strong>100% comme le pourcentage de victoires du DFCO face \u00e0 Rouen.<\/strong> Une statistique plus qu&rsquo;anecdotique, puisque Bourguignons et Normands ne sont affront\u00e9s qu&rsquo;\u00e0 quatre reprises. Pour deux victoires dijonnaises et deux matchs nuls. La saison derni\u00e8re, <a class=\"IciLink ici-link IciArticleLink g-ici-body-regular-1 underline brand svelte-lu7k6w\" href=\"https:\/\/www.francebleu.fr\/sports\/football\/en-direct-suivez-dfco-fc-rouen-en-integralite-pour-la-11e-journee-de-national-5449212\" rel=\"nofollow noopener\" target=\"_blank\">le DFCO s&rsquo;\u00e9tait impos\u00e9 1-0 \u00e0 Gaston-G\u00e9rard<\/a>, avant de conc\u00e9der\u00a0<a class=\"IciLink ici-link IciArticleLink g-ici-body-regular-1 underline brand svelte-lu7k6w\" href=\"https:\/\/www.francebleu.fr\/sports\/football\/en-direct-national-le-dfco-chez-le-fc-rouen-suivez-la-27e-journee-en-integralite-8318130\" rel=\"nofollow noopener\" target=\"_blank\">le nul 0-0 en Seine-Maritime<\/a>.<\/p>\n","protected":false},"excerpt":{"rendered":"Une semaine apr\u00e8s sa reprise r\u00e9ussie \u00e0 Orl\u00e9ans, le DFCO veut encha\u00eener ce vendredi devant ses supporters au&hellip;\n","protected":false},"author":2,"featured_media":319382,"comment_status":"","ping_status":"","sticky":false,"template":"","format":"standard","meta":{"footnotes":""},"categories":[9587],"tags":[1111,11,1777,674,1011,27,12,5161,25,9590],"class_list":{"0":"post-319381","1":"post","2":"type-post","3":"status-publish","4":"format-standard","5":"has-post-thumbnail","7":"category-rouen","8":"tag-actu","9":"tag-actualites","10":"tag-eu","11":"tag-europe","12":"tag-fr","13":"tag-france","14":"tag-news","15":"tag-normandie","16":"tag-republique-francaise","17":"tag-rouen"},"share_on_mastodon":{"url":"https:\/\/pubeurope.com\/@fr\/115029041652963885","error":""},"_links":{"self":[{"href":"https:\/\/www.europesays.com\/fr\/wp-json\/wp\/v2\/posts\/319381","targetHints":{"allow":["GET"]}}],"collection":[{"href":"https:\/\/www.europesays.com\/fr\/wp-json\/wp\/v2\/posts"}],"about":[{"href":"https:\/\/www.europesays.com\/fr\/wp-json\/wp\/v2\/types\/post"}],"author":[{"embeddable":true,"href":"https:\/\/www.europesays.com\/fr\/wp-json\/wp\/v2\/users\/2"}],"replies":[{"embeddable":true,"href":"https:\/\/www.europesays.com\/fr\/wp-json\/wp\/v2\/comments?post=319381"}],"version-history":[{"count":0,"href":"https:\/\/www.europesays.com\/fr\/wp-json\/wp\/v2\/posts\/319381\/revisions"}],"wp:featuredmedia":[{"embeddable":true,"href":"https:\/\/www.europesays.com\/fr\/wp-json\/wp\/v2\/media\/319382"}],"wp:attachment":[{"href":"https:\/\/www.europesays.com\/fr\/wp-json\/wp\/v2\/media?parent=319381"}],"wp:term":[{"taxonomy":"category","embeddable":true,"href":"https:\/\/www.europesays.com\/fr\/wp-json\/wp\/v2\/categories?post=319381"},{"taxonomy":"post_tag","embeddable":true,"href":"https:\/\/www.europesays.com\/fr\/wp-json\/wp\/v2\/tags?post=319381"}],"curies":[{"name":"wp","href":"https:\/\/api.w.org\/{rel}","templated":true}]}}