{"id":319385,"date":"2025-08-14T20:44:16","date_gmt":"2025-08-14T20:44:16","guid":{"rendered":"https:\/\/www.europesays.com\/fr\/319385\/"},"modified":"2025-08-14T20:44:16","modified_gmt":"2025-08-14T20:44:16","slug":"balerdi-previent-rongier-pour-leurs-retrouvailles","status":"publish","type":"post","link":"https:\/\/www.europesays.com\/fr\/319385\/","title":{"rendered":"Balerdi pr\u00e9vient Rongier pour leurs retrouvailles"},"content":{"rendered":"<p>Valentin Rongier va d\u00e9j\u00e0 retrouver l\u2019OM. Trois semaines apr\u00e8s son d\u00e9part, le milieu de terrain va affronter son ancien club \u00e0 l\u2019occasion de la 1\u00e8re journ\u00e9e de <a href=\"https:\/\/www.footmercato.net\/france\/ligue-1\/\" rel=\"nofollow noopener\" target=\"_blank\">Ligue 1<\/a> <a href=\"https:\/\/www.footmercato.net\/live\/8876509254758270988-rennes-vs-marseille\" rel=\"nofollow noopener\" target=\"_blank\">entre Rennes et Marseille au Roazhon Park (20h45)<\/a>. Apr\u00e8s avoir pass\u00e9 six ans sur la Canebi\u00e8re, l\u2019ancien leader du vestiaire s\u2019appr\u00eate \u00e0 retrouver ses ex-co\u00e9quipiers dont un certain <a href=\"https:\/\/www.footmercato.net\/joueur\/leonardo-balerdi\/\" rel=\"nofollow noopener\" target=\"_blank\">Leonardo Balerdi<\/a>, qui attend ces retrouvailles avec impatience.<\/p>\n<p>            La suite apr\u00e8s cette publicit\u00e9<\/p>\n<p>\u00ab\u00c7a m\u2019a touch\u00e9 quand il est parti, admet le d\u00e9fenseur argentin en conf\u00e9rence de presse \u00e0 la veille du coup d\u2019envoi du championnat. Quand je l\u2019ai vu avec le maillot de <a href=\"https:\/\/www.footmercato.net\/club\/stade-rennais-fc\/\" rel=\"nofollow noopener\" target=\"_blank\">Rennes<\/a>, \u00e7a m\u2019a fait bizarre. J\u2019ai connu l\u2019OM avec lui, pendant six ann\u00e9es. C\u2019\u00e9tait son moment pour partir, c\u2019\u00e9tait sa d\u00e9cision, je lui souhaite le meilleur. On est bons amis mais il sait que ce ne sera pas le cas demain.\u00bb <a href=\"https:\/\/www.footmercato.net\/joueur\/valentin-rongier\/\" rel=\"nofollow noopener\" target=\"_blank\">Rongier<\/a> est pr\u00e9venu.<\/p>\n<p><a href=\"https:\/\/dazn.prf.hn\/click\/camref:1100lRrtL\" class=\"textBlue\" rel=\"nofollow noopener\" target=\"_blank\">Suivez cette rencontre sur DAZN avec l\u2019offre Ligue 1+<\/a><\/p>\n<p>\n    Pub. le 14\/08\/2025 20:10<br \/>\n            &#8211; MAJ le 14\/08\/2025 21:48\n    <\/p>\n","protected":false},"excerpt":{"rendered":"Valentin Rongier va d\u00e9j\u00e0 retrouver l\u2019OM. Trois semaines apr\u00e8s son d\u00e9part, le milieu de terrain va affronter son&hellip;\n","protected":false},"author":2,"featured_media":319386,"comment_status":"","ping_status":"","sticky":false,"template":"","format":"standard","meta":{"footnotes":""},"categories":[2821],"tags":[1111,11,829,1777,674,1011,27,12,584,25],"class_list":{"0":"post-319385","1":"post","2":"type-post","3":"status-publish","4":"format-standard","5":"has-post-thumbnail","7":"category-rennes","8":"tag-actu","9":"tag-actualites","10":"tag-bretagne","11":"tag-eu","12":"tag-europe","13":"tag-fr","14":"tag-france","15":"tag-news","16":"tag-rennes","17":"tag-republique-francaise"},"share_on_mastodon":{"url":"https:\/\/pubeurope.com\/@fr\/115029073213336248","error":""},"_links":{"self":[{"href":"https:\/\/www.europesays.com\/fr\/wp-json\/wp\/v2\/posts\/319385","targetHints":{"allow":["GET"]}}],"collection":[{"href":"https:\/\/www.europesays.com\/fr\/wp-json\/wp\/v2\/posts"}],"about":[{"href":"https:\/\/www.europesays.com\/fr\/wp-json\/wp\/v2\/types\/post"}],"author":[{"embeddable":true,"href":"https:\/\/www.europesays.com\/fr\/wp-json\/wp\/v2\/users\/2"}],"replies":[{"embeddable":true,"href":"https:\/\/www.europesays.com\/fr\/wp-json\/wp\/v2\/comments?post=319385"}],"version-history":[{"count":0,"href":"https:\/\/www.europesays.com\/fr\/wp-json\/wp\/v2\/posts\/319385\/revisions"}],"wp:featuredmedia":[{"embeddable":true,"href":"https:\/\/www.europesays.com\/fr\/wp-json\/wp\/v2\/media\/319386"}],"wp:attachment":[{"href":"https:\/\/www.europesays.com\/fr\/wp-json\/wp\/v2\/media?parent=319385"}],"wp:term":[{"taxonomy":"category","embeddable":true,"href":"https:\/\/www.europesays.com\/fr\/wp-json\/wp\/v2\/categories?post=319385"},{"taxonomy":"post_tag","embeddable":true,"href":"https:\/\/www.europesays.com\/fr\/wp-json\/wp\/v2\/tags?post=319385"}],"curies":[{"name":"wp","href":"https:\/\/api.w.org\/{rel}","templated":true}]}}