{"id":319387,"date":"2025-08-14T20:45:21","date_gmt":"2025-08-14T20:45:21","guid":{"rendered":"https:\/\/www.europesays.com\/fr\/319387\/"},"modified":"2025-08-14T20:45:21","modified_gmt":"2025-08-14T20:45:21","slug":"les-amenagements-exterieurs-de-la-mairie-en-plein-chambardement","status":"publish","type":"post","link":"https:\/\/www.europesays.com\/fr\/319387\/","title":{"rendered":"les am\u00e9nagements ext\u00e9rieurs de la mairie en plein chambardement"},"content":{"rendered":"<p>Alors que l\u2019actuelle\u00a0mairie de <a href=\"https:\/\/www.dna.fr\/environnement\/2025\/07\/14\/pia-imbs-rencontre-des-agriculteurs-engages-dans-la-protection-de-l-environnement\" target=\"_blank\" rel=\"noopener\">Vendenheim<\/a> \u00a0est en cours de r\u00e9novation, ses espaces ext\u00e9rieurs, rue Hohlweg, sont aussi en pleine mutation. Premi\u00e8re \u00e9volution\u00a0: il n\u2019y aura plus de stationnement sur la partie centrale du parking situ\u00e9 devant le b\u00e2timent, soit 40 places en moins. Cette baisse est d\u00e9j\u00e0 compens\u00e9e par la d\u00e9marcation de 60 emplacements de l\u2019autre c\u00f4t\u00e9 de la rue, apr\u00e8s l\u2019intersection avec la rue Jeanne-d\u2019Arc. Les places du c\u00f4t\u00e9 du gymnase Claude Mailfert et du Diapason sont maintenues.<\/p>\n<p>L\u2019objectif principal est de \u00ab\u00a0v\u00e9g\u00e9taliser\u00a0\u00bb ce parking \u00e0 l\u2019enrob\u00e9 vieillissant, avec la plantation de 20 arbres&#8230;<\/p>\n","protected":false},"excerpt":{"rendered":"Alors que l\u2019actuelle\u00a0mairie de Vendenheim \u00a0est en cours de r\u00e9novation, ses espaces ext\u00e9rieurs, rue Hohlweg, sont aussi en&hellip;\n","protected":false},"author":2,"featured_media":319388,"comment_status":"","ping_status":"","sticky":false,"template":"","format":"standard","meta":{"footnotes":""},"categories":[2820],"tags":[1111,11,4749,33,2880,1777,674,107,1011,27,775,12,25,640,3265,17241],"class_list":{"0":"post-319387","1":"post","2":"type-post","3":"status-publish","4":"format-standard","5":"has-post-thumbnail","7":"category-strasbourg","8":"tag-actu","9":"tag-actualites","10":"tag-btp-et-chantiers","11":"tag-economie","12":"tag-edition-strasbourg","13":"tag-eu","14":"tag-europe","15":"tag-fil-info","16":"tag-fr","17":"tag-france","18":"tag-grand-est","19":"tag-news","20":"tag-republique-francaise","21":"tag-strasbourg","22":"tag-strasbourg-nord","23":"tag-vendenheim"},"share_on_mastodon":{"url":"https:\/\/pubeurope.com\/@fr\/115029077109709513","error":""},"_links":{"self":[{"href":"https:\/\/www.europesays.com\/fr\/wp-json\/wp\/v2\/posts\/319387","targetHints":{"allow":["GET"]}}],"collection":[{"href":"https:\/\/www.europesays.com\/fr\/wp-json\/wp\/v2\/posts"}],"about":[{"href":"https:\/\/www.europesays.com\/fr\/wp-json\/wp\/v2\/types\/post"}],"author":[{"embeddable":true,"href":"https:\/\/www.europesays.com\/fr\/wp-json\/wp\/v2\/users\/2"}],"replies":[{"embeddable":true,"href":"https:\/\/www.europesays.com\/fr\/wp-json\/wp\/v2\/comments?post=319387"}],"version-history":[{"count":0,"href":"https:\/\/www.europesays.com\/fr\/wp-json\/wp\/v2\/posts\/319387\/revisions"}],"wp:featuredmedia":[{"embeddable":true,"href":"https:\/\/www.europesays.com\/fr\/wp-json\/wp\/v2\/media\/319388"}],"wp:attachment":[{"href":"https:\/\/www.europesays.com\/fr\/wp-json\/wp\/v2\/media?parent=319387"}],"wp:term":[{"taxonomy":"category","embeddable":true,"href":"https:\/\/www.europesays.com\/fr\/wp-json\/wp\/v2\/categories?post=319387"},{"taxonomy":"post_tag","embeddable":true,"href":"https:\/\/www.europesays.com\/fr\/wp-json\/wp\/v2\/tags?post=319387"}],"curies":[{"name":"wp","href":"https:\/\/api.w.org\/{rel}","templated":true}]}}