{"id":319389,"date":"2025-08-14T20:46:11","date_gmt":"2025-08-14T20:46:11","guid":{"rendered":"https:\/\/www.europesays.com\/fr\/319389\/"},"modified":"2025-08-14T20:46:11","modified_gmt":"2025-08-14T20:46:11","slug":"brondby-signe-un-exploit-et-sera-ladversaire-de-strasbourg-en-barrage-de-ligue-conference-c4-barrage-strasbourg-brondby","status":"publish","type":"post","link":"https:\/\/www.europesays.com\/fr\/319389\/","title":{"rendered":"Br\u00f8ndby signe un exploit et sera l&rsquo;adversaire de Strasbourg en barrage de Ligue Conf\u00e9rence &#8211; C4 &#8211; Barrage &#8211; Strasbourg-Br\u00f8ndby"},"content":{"rendered":"<p>Comment dit-on \u00ab\u00a0remontada\u00a0\u00bb en danois ?<\/p>\n<p>Qualifi\u00e9 d\u2019office pour le barrage de Ligue Conf\u00e9rence, <a target=\"_blank\" href=\"https:\/\/www.sofoot.com\/articles\/blueco-a-strasbourg-essayer-la-multipropriete-ce-nest-pas-encore-ladopter\" rel=\"noopener nofollow\">le RC Strasbourg<\/a> devait attendre ce jeudi soir pour conna\u00eetre son adversaire. Le groupe de Liam Rosenior pouvait s\u2019attendre \u00e0 affronter le V\u00edkingur Reykjavik, <strong>vainqueur 3-0 sans trembler du tour pr\u00e9liminaire aller<\/strong> face \u00e0 Br\u00f8ndby IF.<\/p>\n<p>Pourtant, Daniel Wass, Stijn Spierings, Patrick Pentz et leurs co\u00e9quipiers ont r\u00e9ussi l\u2019exploit de se qualifier, en <strong>l\u2019emportant 4-0 sur sa pelouse<\/strong>, lors de la manche retour, apr\u00e8s avoir pourtant jou\u00e9 plus de 70 minutes \u00e0 dix contre onze en raison de l\u2019expulsion de Clement Bischoff. Une prouesse remarquable qu\u2019il faudra donc r\u00e9\u00e9diter pour voir le tournoi principal de la C4.<\/p>\n<p>\u00c0 Strasbourg de confirmer son statut de capitale europ\u00e9enne.<\/p>\n<p>\t\t\t\t\t\t\t\t\t\t<a class=\"lien-connexe\" href=\"https:\/\/www.sofoot.com\/breves\/un-voyage-dans-le-grand-nord-pour-strasbourg-en-barrages-de-ligue-conference\" rel=\"nofollow noopener\" target=\"_blank\">Un voyage dans le Grand Nord pour Strasbourg en barrages de Ligue Conf\u00e9rence<\/a>\t\t\t\t\t<\/p>\n","protected":false},"excerpt":{"rendered":"Comment dit-on \u00ab\u00a0remontada\u00a0\u00bb en danois ? Qualifi\u00e9 d\u2019office pour le barrage de Ligue Conf\u00e9rence, le RC Strasbourg devait&hellip;\n","protected":false},"author":2,"featured_media":319390,"comment_status":"","ping_status":"","sticky":false,"template":"","format":"standard","meta":{"footnotes":""},"categories":[2820],"tags":[1111,47,11,61,69,65,64,1777,674,63,1011,27,775,68,66,12,62,70,25,67,640],"class_list":{"0":"post-319389","1":"post","2":"type-post","3":"status-publish","4":"format-standard","5":"has-post-thumbnail","7":"category-strasbourg","8":"tag-actu","9":"tag-actualite","10":"tag-actualites","11":"tag-actus-football","12":"tag-bundesliga","13":"tag-championnats-europeens","14":"tag-equipe-de-france","15":"tag-eu","16":"tag-europe","17":"tag-football","18":"tag-fr","19":"tag-france","20":"tag-grand-est","21":"tag-ligua","22":"tag-ligue-1","23":"tag-news","24":"tag-news-foot","25":"tag-premier-league","26":"tag-republique-francaise","27":"tag-serie-a","28":"tag-strasbourg"},"share_on_mastodon":{"url":"https:\/\/pubeurope.com\/@fr\/115029081091951740","error":""},"_links":{"self":[{"href":"https:\/\/www.europesays.com\/fr\/wp-json\/wp\/v2\/posts\/319389","targetHints":{"allow":["GET"]}}],"collection":[{"href":"https:\/\/www.europesays.com\/fr\/wp-json\/wp\/v2\/posts"}],"about":[{"href":"https:\/\/www.europesays.com\/fr\/wp-json\/wp\/v2\/types\/post"}],"author":[{"embeddable":true,"href":"https:\/\/www.europesays.com\/fr\/wp-json\/wp\/v2\/users\/2"}],"replies":[{"embeddable":true,"href":"https:\/\/www.europesays.com\/fr\/wp-json\/wp\/v2\/comments?post=319389"}],"version-history":[{"count":0,"href":"https:\/\/www.europesays.com\/fr\/wp-json\/wp\/v2\/posts\/319389\/revisions"}],"wp:featuredmedia":[{"embeddable":true,"href":"https:\/\/www.europesays.com\/fr\/wp-json\/wp\/v2\/media\/319390"}],"wp:attachment":[{"href":"https:\/\/www.europesays.com\/fr\/wp-json\/wp\/v2\/media?parent=319389"}],"wp:term":[{"taxonomy":"category","embeddable":true,"href":"https:\/\/www.europesays.com\/fr\/wp-json\/wp\/v2\/categories?post=319389"},{"taxonomy":"post_tag","embeddable":true,"href":"https:\/\/www.europesays.com\/fr\/wp-json\/wp\/v2\/tags?post=319389"}],"curies":[{"name":"wp","href":"https:\/\/api.w.org\/{rel}","templated":true}]}}