{"id":319391,"date":"2025-08-14T20:47:12","date_gmt":"2025-08-14T20:47:12","guid":{"rendered":"https:\/\/www.europesays.com\/fr\/319391\/"},"modified":"2025-08-14T20:47:12","modified_gmt":"2025-08-14T20:47:12","slug":"entierement-restaure-le-pointu-bavecca-ii-a-ete-remis-a-leau-a-villefranche-sur-mer","status":"publish","type":"post","link":"https:\/\/www.europesays.com\/fr\/319391\/","title":{"rendered":"Enti\u00e8rement restaur\u00e9, le pointu Bavecca II a \u00e9t\u00e9 remis \u00e0 l&rsquo;eau \u00e0 Villefranche-sur-Mer"},"content":{"rendered":"<p>Onze mois que ce pointu avait quitt\u00e9 l&rsquo;\u00e9l\u00e9ment marin <a href=\"https:\/\/www.nicematin.com\/vie-locale\/un-pointu-entierement-renove-va-reprendre-la-mer-a-villefranche-sur-mer-997150\" rel=\"nofollow noopener\" target=\"_blank\">pour \u00eatre enti\u00e8rement restaur\u00e9<\/a> sinon totalement sauv\u00e9 gr\u00e2ce au travail effectu\u00e9 par Andy Corbidge de l&rsquo;association SEPT 06.<\/p>\n<p>M. Xavier Beck, premier vice-pr\u00e9sident du Conseil d\u00e9partemental des Alpes-Maritimes, avait d&rsquo;ailleurs suivi la fastidieuse restauration de cette unit\u00e9 en bois des temps pass\u00e9s en se rendant r\u00e9guli\u00e8rement dans cette vo\u00fbte pour d\u00e9couvrir tout le savoir-faire prodigu\u00e9 par cette \u00e9quipe de passionn\u00e9s.<\/p>\n<p>Et tous les copains \u00e9taient l\u00e0 pour participer \u00e0 cette mise \u00e0 l&rsquo;eau m\u00e9morable.<\/p>\n<p>              <img ci-src=\"https:\/\/www.nicematin.com\/vie-locale\/Les+gros+travaux+Bavecca+II-jO9rokIM.jpg?vh=b806da&amp;ci_seal=6152ab40ed\" alt=\"\"\/><br \/>\n         <strong>Photo E.D..<\/strong> <\/p>\n<p>Cette matin\u00e9e de bonheur et de partage s&rsquo;est termin\u00e9e tout naturellement par un pot de l&rsquo;amiti\u00e9.<\/p>\n<p>D\u00e8s septembre, l&rsquo;atelier SEPT 06 se lancera dans de nouveaux d\u00e9fis afin que ces reliques des temps pass\u00e9s ne terminent pas, apr\u00e8s des d\u00e9cennies de bons et loyaux services, abandonn\u00e9s des hommes.<\/p>\n<p>              <img ci-src=\"https:\/\/www.nicematin.com\/vie-locale\/Visite+Bavecca+II+X-MSvslXap.jpg?vh=c64b77&amp;ci_seal=269f8c08d9\" alt=\"\"\/><br \/>\n         <strong>Photo E.D..<\/strong> <\/p>\n<p>Gr\u00e2ce \u00e0 des artisans de renom, la Darse s&rsquo;impose dor\u00e9navant comme un lieu magique d&rsquo;o\u00f9 l&rsquo;on fait na\u00eetre et surtout rena\u00eetre de petites merveilles admir\u00e9es de toutes et de tous!<\/p>\n","protected":false},"excerpt":{"rendered":"Onze mois que ce pointu avait quitt\u00e9 l&rsquo;\u00e9l\u00e9ment marin pour \u00eatre enti\u00e8rement restaur\u00e9 sinon totalement sauv\u00e9 gr\u00e2ce au&hellip;\n","protected":false},"author":2,"featured_media":319392,"comment_status":"","ping_status":"","sticky":false,"template":"","format":"standard","meta":{"footnotes":""},"categories":[2819],"tags":[1111,11,1777,674,1011,27,12,2401,882,25,3366],"class_list":{"0":"post-319391","1":"post","2":"type-post","3":"status-publish","4":"format-standard","5":"has-post-thumbnail","7":"category-nice","8":"tag-actu","9":"tag-actualites","10":"tag-eu","11":"tag-europe","12":"tag-fr","13":"tag-france","14":"tag-news","15":"tag-nice","16":"tag-provence-alpes-cote-dazur","17":"tag-republique-francaise","18":"tag-vie-locale"},"share_on_mastodon":{"url":"https:\/\/pubeurope.com\/@fr\/115029084954259882","error":""},"_links":{"self":[{"href":"https:\/\/www.europesays.com\/fr\/wp-json\/wp\/v2\/posts\/319391","targetHints":{"allow":["GET"]}}],"collection":[{"href":"https:\/\/www.europesays.com\/fr\/wp-json\/wp\/v2\/posts"}],"about":[{"href":"https:\/\/www.europesays.com\/fr\/wp-json\/wp\/v2\/types\/post"}],"author":[{"embeddable":true,"href":"https:\/\/www.europesays.com\/fr\/wp-json\/wp\/v2\/users\/2"}],"replies":[{"embeddable":true,"href":"https:\/\/www.europesays.com\/fr\/wp-json\/wp\/v2\/comments?post=319391"}],"version-history":[{"count":0,"href":"https:\/\/www.europesays.com\/fr\/wp-json\/wp\/v2\/posts\/319391\/revisions"}],"wp:featuredmedia":[{"embeddable":true,"href":"https:\/\/www.europesays.com\/fr\/wp-json\/wp\/v2\/media\/319392"}],"wp:attachment":[{"href":"https:\/\/www.europesays.com\/fr\/wp-json\/wp\/v2\/media?parent=319391"}],"wp:term":[{"taxonomy":"category","embeddable":true,"href":"https:\/\/www.europesays.com\/fr\/wp-json\/wp\/v2\/categories?post=319391"},{"taxonomy":"post_tag","embeddable":true,"href":"https:\/\/www.europesays.com\/fr\/wp-json\/wp\/v2\/tags?post=319391"}],"curies":[{"name":"wp","href":"https:\/\/api.w.org\/{rel}","templated":true}]}}