{"id":319393,"date":"2025-08-14T20:48:17","date_gmt":"2025-08-14T20:48:17","guid":{"rendered":"https:\/\/www.europesays.com\/fr\/319393\/"},"modified":"2025-08-14T20:48:17","modified_gmt":"2025-08-14T20:48:17","slug":"nice-tente-le-pari-salis-abdul-samed-france-ogc-nice","status":"publish","type":"post","link":"https:\/\/www.europesays.com\/fr\/319393\/","title":{"rendered":"Nice tente le pari Salis Abdul Samed &#8211; France &#8211; OGC Nice"},"content":{"rendered":"<p>Le fameux plan de relance.<\/p>\n<p>Apr\u00e8s <a target=\"_blank\" href=\"https:\/\/www.sofoot.com\/articles\/ligue-des-champions-benfica-inflige-un-deuxieme-2-0-a-nice-et-envoie-les-aiglons-en-europa-league\" rel=\"noopener nofollow\">la double confrontation assez m\u00e9diocre de l\u2019OGC Nice<\/a> contre Benfica, lors du troisi\u00e8me tour de qualification pour la Ligue des champions, Franck Haise a demand\u00e9 davantage de garanties \u00e0 ses dirigeants. Son effectif est effectivement d\u00e9cim\u00e9 par les blessures et ne semble pas encore taill\u00e9 pour jouer sur plusieurs tableaux. Alors que <a target=\"_blank\" href=\"https:\/\/www.sofoot.com\/breves\/mahdi-camara-a-rennes-cest-officiel\" rel=\"noopener nofollow\">Mahdi Camara a pr\u00e9f\u00e9r\u00e9 partir au Stade rennais<\/a>, le Gym s\u2019est tourn\u00e9 vers <strong>un autre milieu qui conna\u00eet bien la Ligue 1 : Salis Abdul Samed<\/strong>.<\/p>\n<p>Il va retrouver Franck Haise<\/p>\n<p>Apr\u00e8s avoir connu l\u2019\u00e9lite en montant avec Clermont, l\u2019international ghan\u00e9en a ensuite \u00e9t\u00e9 <a target=\"_blank\" href=\"https:\/\/www.sofoot.com\/articles\/salis-abdul-samed-cadre-de-reserve\" rel=\"noopener nofollow\">tent\u00e9 par le projet du RC Lens<\/a>, sous les ordres de Franck Haise, avec qui il a notamment go\u00fbt\u00e9 \u00e0 la Ligue des champions. Seulement, <strong>l\u2019infatigable milieu n\u2019a pas tenu le rythme et a \u00e9t\u00e9 rel\u00e9gu\u00e9 sur le banc<\/strong>, puis pr\u00eat\u00e9, la saison derni\u00e8re, \u00e0 Sunderland.<\/p>\n<p>Malgr\u00e9 seulement dix petits matchs de Championship, son ancien entra\u00eeneur n\u2019a pas h\u00e9sit\u00e9 \u00e0 le rappeler et lui demander un coup de main. \u00ab\u00a0Nous cherchions du dynamisme, de l\u2019impact et une bonne \u00e9nergie dans l\u2019entrejeu. <strong>Salis est un joueur d\u2019\u00e9quilibre<\/strong>, avec un profil l\u00e9g\u00e8rement plus d\u00e9fensif que ses concurrents directs. Il s\u2019engage pleinement sur le terrain, poss\u00e8de une vraie personnalit\u00e9, et sa connaissance de la Ligue 1 ainsi que ses qualit\u00e9s humaines pourront contribuer \u00e0 la communication et \u00e0 une dynamique positive dans le vestiaire\u00a0\u00bb, a d\u00e9taill\u00e9 Florian Maurice, directeur sportif des Aiglons.<\/p>\n<p>Salis Abdul Samed doit maintenant\u00a0reprendre son envol.<\/p>\n<p>\t\t\t\t\t\t\t\t\t\t<a class=\"lien-connexe\" href=\"https:\/\/www.sofoot.com\/breves\/rennes-om-et-nantes-psg-on-connait-les-affiches-de-la-premiere-journee-de-ligue-1\" rel=\"nofollow noopener\" target=\"_blank\">D\u00e9couvrez les affiches de la premi\u00e8re journ\u00e9e de Ligue 1<\/a>\t\t\t\t\t<\/p>\n","protected":false},"excerpt":{"rendered":"Le fameux plan de relance. Apr\u00e8s la double confrontation assez m\u00e9diocre de l\u2019OGC Nice contre Benfica, lors du&hellip;\n","protected":false},"author":2,"featured_media":319394,"comment_status":"","ping_status":"","sticky":false,"template":"","format":"standard","meta":{"footnotes":""},"categories":[2819],"tags":[1111,47,11,61,69,65,64,1777,674,63,1011,27,68,66,12,62,2401,70,882,25,67],"class_list":{"0":"post-319393","1":"post","2":"type-post","3":"status-publish","4":"format-standard","5":"has-post-thumbnail","7":"category-nice","8":"tag-actu","9":"tag-actualite","10":"tag-actualites","11":"tag-actus-football","12":"tag-bundesliga","13":"tag-championnats-europeens","14":"tag-equipe-de-france","15":"tag-eu","16":"tag-europe","17":"tag-football","18":"tag-fr","19":"tag-france","20":"tag-ligua","21":"tag-ligue-1","22":"tag-news","23":"tag-news-foot","24":"tag-nice","25":"tag-premier-league","26":"tag-provence-alpes-cote-dazur","27":"tag-republique-francaise","28":"tag-serie-a"},"share_on_mastodon":{"url":"https:\/\/pubeurope.com\/@fr\/115029088914223645","error":""},"_links":{"self":[{"href":"https:\/\/www.europesays.com\/fr\/wp-json\/wp\/v2\/posts\/319393","targetHints":{"allow":["GET"]}}],"collection":[{"href":"https:\/\/www.europesays.com\/fr\/wp-json\/wp\/v2\/posts"}],"about":[{"href":"https:\/\/www.europesays.com\/fr\/wp-json\/wp\/v2\/types\/post"}],"author":[{"embeddable":true,"href":"https:\/\/www.europesays.com\/fr\/wp-json\/wp\/v2\/users\/2"}],"replies":[{"embeddable":true,"href":"https:\/\/www.europesays.com\/fr\/wp-json\/wp\/v2\/comments?post=319393"}],"version-history":[{"count":0,"href":"https:\/\/www.europesays.com\/fr\/wp-json\/wp\/v2\/posts\/319393\/revisions"}],"wp:featuredmedia":[{"embeddable":true,"href":"https:\/\/www.europesays.com\/fr\/wp-json\/wp\/v2\/media\/319394"}],"wp:attachment":[{"href":"https:\/\/www.europesays.com\/fr\/wp-json\/wp\/v2\/media?parent=319393"}],"wp:term":[{"taxonomy":"category","embeddable":true,"href":"https:\/\/www.europesays.com\/fr\/wp-json\/wp\/v2\/categories?post=319393"},{"taxonomy":"post_tag","embeddable":true,"href":"https:\/\/www.europesays.com\/fr\/wp-json\/wp\/v2\/tags?post=319393"}],"curies":[{"name":"wp","href":"https:\/\/api.w.org\/{rel}","templated":true}]}}