{"id":319396,"date":"2025-08-14T20:50:11","date_gmt":"2025-08-14T20:50:11","guid":{"rendered":"https:\/\/www.europesays.com\/fr\/319396\/"},"modified":"2025-08-14T20:50:11","modified_gmt":"2025-08-14T20:50:11","slug":"pourquoi-nantes-recevra-le-psg-sans-son-nouvel-entraineur","status":"publish","type":"post","link":"https:\/\/www.europesays.com\/fr\/319396\/","title":{"rendered":"pourquoi Nantes recevra le PSG sans son nouvel entra\u00eeneur"},"content":{"rendered":"<p class=\"mb-4 text-lg md:leading-8 break-words\">Luis Castro ne sera pas sur le banc du FC Nantes pour le d\u00e9but du championnat! Ce dimanche, pour la premi\u00e8re journ\u00e9e de Ligue 1, les Canaris re\u00e7oivent le <a href=\"https:\/\/fr.news.yahoo.com\/sport\/apr%C3%A8s-chevalier-zabarnyi-mercato-psg-110408592.html\" data-ylk=\"slk:PSG;elm:context_link;itc:0;sec:content-canvas;outcm:mb_qualified_link;_E:mb_qualified_link;ct:story;\" class=\"link  yahoo-link\" rel=\"nofollow noopener\" target=\"_blank\">PSG<\/a> \u00e0 la Beaujoire. Un match de gala que le FC Nantes disputera sans son coach.<\/p>\n<p class=\"mb-4 text-lg md:leading-8 break-words\">En effet, <a href=\"https:\/\/fr.news.yahoo.com\/sport\/mercato-nantes-officialise-nouvelle-%C3%A8re-165515901.html\" data-ylk=\"slk:nomm\u00e9 cet \u00e9t\u00e9 sur le banc du club de Waldemar Kita;elm:context_link;itc:0;sec:content-canvas;outcm:mb_qualified_link;_E:mb_qualified_link;ct:story;\" class=\"link  yahoo-link\" rel=\"nofollow noopener\" target=\"_blank\">nomm\u00e9 cet \u00e9t\u00e9 sur le banc du club de Waldemar Kita<\/a>, Luis Castro doit purger une suspension, suite \u00e0 un carton re\u00e7u lors de son dernier match avec Dunkerque, la saison derni\u00e8re.<\/p>\n<p>Luis Castro, un coach au gros caract\u00e8re<\/p>\n<p class=\"mb-4 text-lg md:leading-8 break-words\">Il avait \u00e9t\u00e9 averti en cours de rencontre, contre <a href=\"https:\/\/fr.news.yahoo.com\/sport\/ligue-1-casse-t%C3%AAte-metz-142128435.html\" data-ylk=\"slk:Metz;elm:context_link;itc:0;sec:content-canvas;outcm:mb_qualified_link;_E:mb_qualified_link;ct:story;\" class=\"link  yahoo-link\" rel=\"nofollow noopener\" target=\"_blank\">Metz<\/a>, lors du match de barrages pour d\u00e9fier Reims ensuite et valider le billet d&rsquo;accession \u00e0 la Ligue 1. Il avait, ainsi, obtenu son troisi\u00e8me carton jaune en moins de 10 matchs. Le coach portugais \u00e9cope donc d&rsquo;un match de suspension pour accumulation d&rsquo;avertissements. Il officiera pour la premi\u00e8re fois sur le banc des Canaris lors de la deuxi\u00e8me journ\u00e9e, \u00e0 <a href=\"https:\/\/rmcsport.bfmtv.com\/replay-emissions\/after-foot\/video-ligue-1-quelles-ambitions-doivent-avoir-rennes-et-strasbourg_VN-202508110524.html\" rel=\"nofollow noopener\" target=\"_blank\" data-ylk=\"slk:Strasbourg;elm:context_link;itc:0;sec:content-canvas\" class=\"link \">Strasbourg<\/a>.<\/p>\n<p class=\"mb-4 text-lg md:leading-8 break-words\">Malgr\u00e9 une victoire contre 4 d\u00e9faites lors des 5 matchs de pr\u00e9paration, les d\u00e9buts de Luis Castro \u00e0 Nantes sont tr\u00e8s attendus. Excellent avec Dunkerque, il a permis au club nordiste d&rsquo;\u00eatre le meilleur club de Ligue 2 sur l&rsquo;ann\u00e9e 2024, d&rsquo;aller jusqu&rsquo;en demi-finale de Coupe de France la saison derni\u00e8re en perdant <a href=\"https:\/\/rmcsport.bfmtv.com\/football\/coupe-de-france\/dunkerque-2-4-psg-paris-a-tremble-mais-paris-se-qualifie-pour-la-finale-les-comms-rmc_VN-202504010698.html\" rel=\"nofollow noopener\" target=\"_blank\" data-ylk=\"slk:avec les honneurs contre le Paris Saint-Germain;elm:context_link;itc:0;sec:content-canvas\" class=\"link \">avec les honneurs contre le Paris Saint-Germain<\/a>, et de terminer 4e de Ligue 2 pour sa premi\u00e8re saison compl\u00e8te en France.<\/p>\n<p class=\"mb-4 text-lg md:leading-8 break-words\">Recrut\u00e9 cet \u00e9t\u00e9 par le FC Nantes, <a href=\"https:\/\/fr.news.yahoo.com\/sport\/mercato-nantes-trouve-accord-dunkerque-110638984.html\" data-ylk=\"slk:contre un joli ch\u00e8que;elm:context_link;itc:0;sec:content-canvas;outcm:mb_qualified_link;_E:mb_qualified_link;ct:story;\" class=\"link  yahoo-link\" rel=\"nofollow noopener\" target=\"_blank\">contre un joli ch\u00e8que<\/a>, pour succ\u00e9der \u00e0 Antoine Kombouar\u00e9, il aura pour mission de ramener le beau jeu et de promouvoir la formation nantaise. C&rsquo;est en ce sens qu&rsquo;une revue d&rsquo;effectif profonde a \u00e9t\u00e9 r\u00e9alis\u00e9e.<\/p>\n<p>Un effectif remodel\u00e9 en profondeur pendant le mercato<\/p>\n<p class=\"mb-4 text-lg md:leading-8 break-words\">Cinq joueurs issus du centre de formation ont int\u00e9gr\u00e9 l&rsquo;\u00e9quipe premi\u00e8re (Adel Mahamoud, S\u00e9kou Doucour\u00e9, Malang Gomes, Bahmed Deuff, Tylel Tati). De nombreux cadres ont quitt\u00e9 l&rsquo;effectif comme <a href=\"https:\/\/fr.news.yahoo.com\/sport\/mercato-figure-embl%C3%A9matique-nantes-pallois-180721070.html\" data-ylk=\"slk:Nicolas Pallois;elm:context_link;itc:0;sec:content-canvas;outcm:mb_qualified_link;_E:mb_qualified_link;ct:story;\" class=\"link  yahoo-link\" rel=\"nofollow noopener\" target=\"_blank\">Nicolas Pallois<\/a>, Alban Lafont, <a href=\"https:\/\/rmcsport.bfmtv.com\/replay-emissions\/after-foot\/video-les-jeunes-vers-l-arabie-saoudite-des-choix-qui-font-debat_VN-202508050290.html\" rel=\"nofollow noopener\" target=\"_blank\" data-ylk=\"slk:Nathan Z\u00e9z\u00e9;elm:context_link;itc:0;sec:content-canvas\" class=\"link \">Nathan Z\u00e9z\u00e9<\/a>, Moses Simon, Douglas Augusto, Jean-Charles Castelletto, Pedro Chirivella, Tino Kadewere, Florent Mollet et Marcus Coco.<\/p>\n<p class=\"mb-4 text-lg md:leading-8 break-words\">Ces d\u00e9parts ont \u00e9t\u00e9 compens\u00e9s par les arriv\u00e9es de Youssef El-Arabi, Hyun-Seok Hong, Hyeok-Kyu Kwon, le retour de Chidozie Awaziem et les pr\u00eats de Mayckel Lahdo et Amady Camara.<\/p>\n<p class=\"mb-4 text-lg md:leading-8 break-words\">La situation autour de <a href=\"https:\/\/fr.news.yahoo.com\/sport\/mercato-joueur-n-aime-nantes-090940149.html\" data-ylk=\"slk:Matthis Abline;elm:context_link;itc:0;sec:content-canvas;outcm:mb_qualified_link;_E:mb_qualified_link;ct:story;\" class=\"link  yahoo-link\" rel=\"nofollow noopener\" target=\"_blank\">Matthis Abline<\/a>, auteur de 9 buts en Ligue 1 la saison derni\u00e8re, reste ind\u00e9cise. Le coach portugais n&rsquo;avait pas m\u00e2ch\u00e9 ses mots sur l&rsquo;avenir de l&rsquo;attaquant nantais, en tribune lors du dernier match amical contre le Paris FC.<\/p>\n<p class=\"mb-4 text-lg md:leading-8 break-words\">Comme annonc\u00e9 par RMC Sport, alors qu&rsquo;il souhaite quitter Nantes, Abline a refus\u00e9 la proposition de Wolverhampton. Nantes attend une offre sup\u00e9rieure \u00e0 25 millions d&rsquo;euros pour envisager un potentiel de son talentueux attaquant.<\/p>\n<p class=\"mb-4 text-lg md:leading-8 break-words\"><a href=\"https:\/\/rmcsport.bfmtv.com\/football\/ligue-1\/ligue-1-pourquoi-nantes-recevra-le-psg-sans-son-nouvel-entraineur_AV-202508140545.html#xtor=AL-68\" rel=\"nofollow noopener\" target=\"_blank\" data-ylk=\"slk:Article original publi\u00e9 sur RMC Sport;elm:context_link;itc:0;sec:content-canvas\" class=\"link \">Article original publi\u00e9 sur RMC Sport<\/a><\/p>\n","protected":false},"excerpt":{"rendered":"Luis Castro ne sera pas sur le banc du FC Nantes pour le d\u00e9but du championnat! Ce dimanche,&hellip;\n","protected":false},"author":2,"featured_media":319397,"comment_status":"","ping_status":"","sticky":false,"template":"","format":"standard","meta":{"footnotes":""},"categories":[2818],"tags":[1111,11,45747,35516,45749,41427,13294,1777,674,462,45745,1011,27,66,88,45746,13295,45750,6212,13298,766,12,43332,2636,41426,21783,93,25,640,45748,30694],"class_list":{"0":"post-319396","1":"post","2":"type-post","3":"status-publish","4":"format-standard","5":"has-post-thumbnail","7":"category-nantes","8":"tag-actu","9":"tag-actualites","10":"tag-adel-mahamoud","11":"tag-alban-lafont","12":"tag-amady-camara","13":"tag-chidozie-awaziem","14":"tag-douglas-augusto","15":"tag-eu","16":"tag-europe","17":"tag-fc-nantes","18":"tag-florent-mollet","19":"tag-fr","20":"tag-france","21":"tag-ligue-1","22":"tag-luis-castro","23":"tag-marcus-coco","24":"tag-matthis-abline","25":"tag-mayckel-lahdo","26":"tag-metz","27":"tag-moses-simon","28":"tag-nantes","29":"tag-news","30":"tag-nicolas-pallois","31":"tag-pays-de-la-loire","32":"tag-pedro-chirivella","33":"tag-premiere-saison","34":"tag-psg","35":"tag-republique-francaise","36":"tag-strasbourg","37":"tag-tino-kadewere","38":"tag-waldemar-kita"},"share_on_mastodon":{"url":"https:\/\/pubeurope.com\/@fr\/115029096779705472","error":""},"_links":{"self":[{"href":"https:\/\/www.europesays.com\/fr\/wp-json\/wp\/v2\/posts\/319396","targetHints":{"allow":["GET"]}}],"collection":[{"href":"https:\/\/www.europesays.com\/fr\/wp-json\/wp\/v2\/posts"}],"about":[{"href":"https:\/\/www.europesays.com\/fr\/wp-json\/wp\/v2\/types\/post"}],"author":[{"embeddable":true,"href":"https:\/\/www.europesays.com\/fr\/wp-json\/wp\/v2\/users\/2"}],"replies":[{"embeddable":true,"href":"https:\/\/www.europesays.com\/fr\/wp-json\/wp\/v2\/comments?post=319396"}],"version-history":[{"count":0,"href":"https:\/\/www.europesays.com\/fr\/wp-json\/wp\/v2\/posts\/319396\/revisions"}],"wp:featuredmedia":[{"embeddable":true,"href":"https:\/\/www.europesays.com\/fr\/wp-json\/wp\/v2\/media\/319397"}],"wp:attachment":[{"href":"https:\/\/www.europesays.com\/fr\/wp-json\/wp\/v2\/media?parent=319396"}],"wp:term":[{"taxonomy":"category","embeddable":true,"href":"https:\/\/www.europesays.com\/fr\/wp-json\/wp\/v2\/categories?post=319396"},{"taxonomy":"post_tag","embeddable":true,"href":"https:\/\/www.europesays.com\/fr\/wp-json\/wp\/v2\/tags?post=319396"}],"curies":[{"name":"wp","href":"https:\/\/api.w.org\/{rel}","templated":true}]}}