{"id":319398,"date":"2025-08-14T20:51:32","date_gmt":"2025-08-14T20:51:32","guid":{"rendered":"https:\/\/www.europesays.com\/fr\/319398\/"},"modified":"2025-08-14T20:51:32","modified_gmt":"2025-08-14T20:51:32","slug":"une-soiree-gratuite-et-familiale-au-parc-peixotto","status":"publish","type":"post","link":"https:\/\/www.europesays.com\/fr\/319398\/","title":{"rendered":"une soir\u00e9e gratuite et familiale au parc Peixotto"},"content":{"rendered":"<p>Les vacances d\u2019\u00e9t\u00e9 touchent \u00e0 leur fin, mais Talence vous r\u00e9serve une derni\u00e8re soir\u00e9e pour prolonger la douceur estivale. Le samedi 30 ao\u00fbt 2025, le parc Peixotto se transformera en salle de cin\u00e9ma \u00e0 ciel ouvert, avec animations, jeux surdimensionn\u00e9s et projection gratuite du film \u00ab Wonka \u00bb. Un rendez-vous parfait pour profiter d\u2019un moment convivial en famille ou entre amis.<\/p>\n<p>Des animations ludiques d\u00e8s 18h<\/p>\n<p><img fetchpriority=\"high\" decoding=\"async\" width=\"1024\" height=\"576\" src=\"https:\/\/www.europesays.com\/fr\/wp-content\/uploads\/2025\/08\/evenement-gratuit-talence-1024x576.jpg\" alt=\"\" class=\"wp-image-82222\"  \/>\ud83d\udcfd\ufe0f Finissez l\u2019\u00e9t\u00e9 en beaut\u00e9 : samedi 30 ao\u00fbt, Talence vous invite \u00e0 un cin\u00e9ma gratuit avec animations familiales et Wonka au parc Peixotto.<\/p>\n<p>D\u00e8s la fin d\u2019apr\u00e8s-midi, le parc s\u2019animera gr\u00e2ce \u00e0 <strong>Talence \u00c9v\u00e8nements<\/strong>, qui a concoct\u00e9 un programme alliant d\u00e9tente et divertissement. Les enfants, mais aussi les grands enfants, pourront s\u2019essayer aux <strong>jeux surdimensionn\u00e9s<\/strong> propos\u00e9s par Ludiloisirs. \u00c9chiquiers g\u00e9ants, puissance 4 XXL ou autres jeux traditionnels revisit\u00e9s offriront un terrain id\u00e9al pour rire et se d\u00e9fier en plein air.<\/p>\n<p>En parall\u00e8le, l\u2019aire de jeux du parc et le man\u00e8ge tourneront \u00e0 plein r\u00e9gime. L\u2019ambiance se veut simple et d\u00e9contract\u00e9e, favorisant les \u00e9changes et le plaisir de se retrouver. Pendant que les plus jeunes s\u2019amusent, les parents peuvent pr\u00e9parer un pique-nique ou se d\u00e9tendre sur l\u2019herbe, \u00e0 l\u2019ombre des arbres centenaires.<\/p>\n<p>Une projection sous les \u00e9toiles<\/p>\n<p>\u00c0 la tomb\u00e9e de la nuit, l\u2019\u00e9cran g\u00e9ant s\u2019illuminera pour la projection du film <strong>\u00ab Wonka \u00bb<\/strong> r\u00e9alis\u00e9 par Paul King et sorti en 2023. Ce pr\u00e9quel de Charlie et la chocolaterie raconte la jeunesse du c\u00e9l\u00e8bre Willy Wonka, avant la cr\u00e9ation de sa fabuleuse chocolaterie.<\/p>\n<p>Le film m\u00eale musique, humour et fantaisie, plongeant petits et grands dans un univers haut en couleur. On y d\u00e9couvre un Willy r\u00eaveur, inventif, pr\u00eat \u00e0 tout pour r\u00e9aliser son ambition. Les chansons entra\u00eenantes et les d\u00e9cors f\u00e9eriques rendent la s\u00e9ance encore plus magique sous le ciel \u00e9toil\u00e9 de Talence.<\/p>\n<p><img loading=\"lazy\" decoding=\"async\" width=\"1024\" height=\"535\" src=\"https:\/\/www.europesays.com\/fr\/wp-content\/uploads\/2025\/08\/1755204691_324_cinema-plein-air-talence-1024x535.jpeg\" alt=\"\" class=\"wp-image-82223\"  \/>\ud83c\udf1f Cin\u00e9ma en plein air \u00e0 Talence ! D\u00e8s 18h, animations ludiques, pique-nique, food-trucks\u2026 et Wonka sous les \u00e9toiles au parc Peixotto. Entr\u00e9e gratuite !<\/p>\n<p>Une organisation pens\u00e9e pour tous<\/p>\n<p>Le parc Peixotto, accessible par plusieurs entr\u00e9es, reste impact\u00e9 par certains travaux : quelques all\u00e9es sont ferm\u00e9es et l\u2019acc\u00e8s par l\u2019impasse Peixotto est interdit. Pour les personnes \u00e0 mobilit\u00e9 r\u00e9duite, une <strong>entr\u00e9e PMR<\/strong> est pr\u00e9vue via le grand portail situ\u00e9 place du 8 mai 1945.<\/p>\n<p>Si vous venez en voiture, pr\u00e9voyez de marcher quelques minutes, car le stationnement autour du parc est limit\u00e9.<\/p>\n<p>C\u00f4t\u00e9 restauration, l\u2019\u00e9v\u00e9nement n\u2019oublie pas les gourmands : <strong>food-trucks<\/strong> et <strong>buvettes<\/strong> vous attendent pour grignoter ou boire un verre. Les visiteurs sont libres d\u2019apporter leur repas et de s\u2019installer o\u00f9 ils le souhaitent. Il n\u2019y a pas de tables ni de chaises fournies, pensez donc \u00e0 prendre une nappe, un plaid ou une fouta pour vous asseoir confortablement.<\/p>\n<p>Une soir\u00e9e gratuite \u00e0 ne pas manquer<\/p>\n<p>Ce rendez-vous gratuit, m\u00ealant activit\u00e9s ludiques et cin\u00e9ma en plein air, s\u2019adresse \u00e0 tous les \u00e2ges. Les enfants trouvent de quoi s\u2019amuser, les parents profitent d\u2019un moment de d\u00e9tente et chacun repart avec de beaux souvenirs.<\/p>\n<p><img loading=\"lazy\" decoding=\"async\" width=\"1024\" height=\"682\" src=\"https:\/\/www.europesays.com\/fr\/wp-content\/uploads\/2025\/08\/cinema-plein-air-gironde-1024x682.jpg\" alt=\"\" class=\"wp-image-82224\"  \/>\ud83c\udfac Samedi 30 ao\u00fbt, vivez une soir\u00e9e magique \u00e0 Talence : jeux surdimensionn\u00e9s, food-trucks et projection gratuite de Wonka au parc Peixotto. Ambiance familiale garantie !<\/p>\n<p>L\u2019\u00e9v\u00e9nement incarne parfaitement l\u2019esprit de fin d\u2019\u00e9t\u00e9 : un m\u00e9lange de rires, de partage et de d\u00e9tente dans un cadre verdoyant, sans d\u00e9penser un centime.<\/p>\n<p><strong>Informations pratiques<\/strong><br \/>\ud83d\udcc5 <strong>Date<\/strong> : samedi 30 ao\u00fbt 2025<br \/>\ud83d\udccd <strong>Lieu<\/strong> : parc Peixotto, Talence (acc\u00e8s par 18 Rue de Peixotto et autres entr\u00e9es)<br \/>\ud83d\udd55 <strong>Animations<\/strong> : d\u00e8s 18h \u2013 <strong>Projection<\/strong> : \u00e0 la tomb\u00e9e de la nuit<br \/>\ud83d\udcb6 <strong>Tarif<\/strong> : gratuit<br \/>\u267f <strong>Accessibilit\u00e9<\/strong> : entr\u00e9e PMR place du 8 mai 1945<br \/>\ud83c\udf74 <strong>Restauration<\/strong> : food-trucks et buvettes sur place<br \/>\ud83e\uddfa <strong>\u00c0 pr\u00e9voir<\/strong> : nappe ou plaid, v\u00eatement chaud pour la soir\u00e9e<\/p>\n<p>A lire aussi : <a href=\"https:\/\/www.bougerabordeaux.com\/actu\/le-grand-festival-polynesien-du-bassin-darcachon-revient-fin-aout\/\" rel=\"nofollow noopener\" target=\"_blank\">Le grand festival polyn\u00e9sien du Bassin d\u2019Arcachon revient fin ao\u00fbt<\/a><\/p>\n","protected":false},"excerpt":{"rendered":"Les vacances d\u2019\u00e9t\u00e9 touchent \u00e0 leur fin, mais Talence vous r\u00e9serve une derni\u00e8re soir\u00e9e pour prolonger la douceur&hellip;\n","protected":false},"author":2,"featured_media":319399,"comment_status":"","ping_status":"","sticky":false,"template":"","format":"standard","meta":{"footnotes":""},"categories":[2817],"tags":[1111,11,1997,1777,674,1011,27,12,2219,25],"class_list":{"0":"post-319398","1":"post","2":"type-post","3":"status-publish","4":"format-standard","5":"has-post-thumbnail","7":"category-bordeaux","8":"tag-actu","9":"tag-actualites","10":"tag-bordeaux","11":"tag-eu","12":"tag-europe","13":"tag-fr","14":"tag-france","15":"tag-news","16":"tag-nouvelle-aquitaine","17":"tag-republique-francaise"},"share_on_mastodon":{"url":"https:\/\/pubeurope.com\/@fr\/115029101059398139","error":""},"_links":{"self":[{"href":"https:\/\/www.europesays.com\/fr\/wp-json\/wp\/v2\/posts\/319398","targetHints":{"allow":["GET"]}}],"collection":[{"href":"https:\/\/www.europesays.com\/fr\/wp-json\/wp\/v2\/posts"}],"about":[{"href":"https:\/\/www.europesays.com\/fr\/wp-json\/wp\/v2\/types\/post"}],"author":[{"embeddable":true,"href":"https:\/\/www.europesays.com\/fr\/wp-json\/wp\/v2\/users\/2"}],"replies":[{"embeddable":true,"href":"https:\/\/www.europesays.com\/fr\/wp-json\/wp\/v2\/comments?post=319398"}],"version-history":[{"count":0,"href":"https:\/\/www.europesays.com\/fr\/wp-json\/wp\/v2\/posts\/319398\/revisions"}],"wp:featuredmedia":[{"embeddable":true,"href":"https:\/\/www.europesays.com\/fr\/wp-json\/wp\/v2\/media\/319399"}],"wp:attachment":[{"href":"https:\/\/www.europesays.com\/fr\/wp-json\/wp\/v2\/media?parent=319398"}],"wp:term":[{"taxonomy":"category","embeddable":true,"href":"https:\/\/www.europesays.com\/fr\/wp-json\/wp\/v2\/categories?post=319398"},{"taxonomy":"post_tag","embeddable":true,"href":"https:\/\/www.europesays.com\/fr\/wp-json\/wp\/v2\/tags?post=319398"}],"curies":[{"name":"wp","href":"https:\/\/api.w.org\/{rel}","templated":true}]}}