{"id":319400,"date":"2025-08-14T20:52:12","date_gmt":"2025-08-14T20:52:12","guid":{"rendered":"https:\/\/www.europesays.com\/fr\/319400\/"},"modified":"2025-08-14T20:52:12","modified_gmt":"2025-08-14T20:52:12","slug":"girondins-de-bordeaux-les-maillots-domicile-et-exterieur-devoiles-les-1ers-signes-hummel","status":"publish","type":"post","link":"https:\/\/www.europesays.com\/fr\/319400\/","title":{"rendered":"Girondins de Bordeaux. Les maillots domicile et ext\u00e9rieur d\u00e9voiles, les 1ers sign\u00e9s Hummel"},"content":{"rendered":"<p><img fetchpriority=\"high\" decoding=\"async\" width=\"620\" height=\"413\" src=\"https:\/\/www.europesays.com\/fr\/wp-content\/uploads\/2025\/08\/Maillot-Girondins-de-Bordeaux-620x413.jpg\" alt=\"Girondins de Bordeaux. Les maillots domicile et ext\u00e9rieur d\u00e9voiles, les 1ers sign\u00e9s Hummel\" class=\"wp-image-376171\"  \/>Du classique pour les premiers maillots des Girondins de Bordeaux sign\u00e9s Hummel.<\/p>\n<p>Les Girondins de Bordeaux ont pr\u00e9sent\u00e9 leurs nouveaux maillots pour la saison 2025-2026, marquant le d\u00e9but de leur collaboration avec l\u2019\u00e9quipementier danois Hummel. Le club girondin quitte ainsi Adidas apr\u00e8s cinq ann\u00e9es de partenariat.<\/p>\n<p>La tunique principale conserve les codes traditionnels du club : couleur marine pr\u00e9dominante avec le scapulaire uni. Le design int\u00e8gre un col rond avec un effet chemise dessin\u00e9 sur le tissu. Les manches comportent des motifs en filigrane repr\u00e9sentant l\u2019embl\u00e8me de la ville de Bordeaux, compl\u00e9t\u00e9s par les chevrons caract\u00e9ristiques de Hummel sur les c\u00f4t\u00e9s. Le logo du FCGB est positionn\u00e9 sur le c\u0153ur, tandis que celui de Hummel figure sur la partie droite du scapulaire.<\/p>\n<p>La tenue away reprend les couleurs marine et blanc avec le scapulaire traditionnel. Elle pr\u00e9sente \u00e9galement un col rond et int\u00e8gre les embl\u00e8mes de la ville directement dans le scapulaire. Le logo du FCGB occupe le centre du scapulaire, surmont\u00e9 par celui de Hummel. Ce changement intervient apr\u00e8s la fin du contrat avec Adidas, qui \u00e9quipait les Girondins depuis 2020. Il s\u2019agissait de la seconde collaboration entre le club bordelais et la marque allemande, apr\u00e8s une premi\u00e8re exp\u00e9rience dans les ann\u00e9es pr\u00e9c\u00e9dentes.<\/p>\n<p><img loading=\"lazy\" decoding=\"async\" class=\"aligncenter size-full wp-image-376173 lazyload\" src=\"https:\/\/www.europesays.com\/fr\/wp-content\/uploads\/2025\/08\/Maillot-Girondins-de-Bordeaux-1.jpg\" alt=\"\" width=\"2000\" height=\"1333\"  data- style=\"--smush-placeholder-width: 2000px; --smush-placeholder-aspect-ratio: 2000\/1333;\"\/><\/p>\n","protected":false},"excerpt":{"rendered":"Du classique pour les premiers maillots des Girondins de Bordeaux sign\u00e9s Hummel. Les Girondins de Bordeaux ont pr\u00e9sent\u00e9&hellip;\n","protected":false},"author":2,"featured_media":319401,"comment_status":"","ping_status":"","sticky":false,"template":"","format":"standard","meta":{"footnotes":""},"categories":[2817],"tags":[1111,11,1997,1777,674,1011,27,2908,10274,12,2219,25],"class_list":{"0":"post-319400","1":"post","2":"type-post","3":"status-publish","4":"format-standard","5":"has-post-thumbnail","7":"category-bordeaux","8":"tag-actu","9":"tag-actualites","10":"tag-bordeaux","11":"tag-eu","12":"tag-europe","13":"tag-fr","14":"tag-france","15":"tag-girondins-de-bordeaux","16":"tag-maillot","17":"tag-news","18":"tag-nouvelle-aquitaine","19":"tag-republique-francaise"},"share_on_mastodon":{"url":"https:\/\/pubeurope.com\/@fr\/115029104703758211","error":""},"_links":{"self":[{"href":"https:\/\/www.europesays.com\/fr\/wp-json\/wp\/v2\/posts\/319400","targetHints":{"allow":["GET"]}}],"collection":[{"href":"https:\/\/www.europesays.com\/fr\/wp-json\/wp\/v2\/posts"}],"about":[{"href":"https:\/\/www.europesays.com\/fr\/wp-json\/wp\/v2\/types\/post"}],"author":[{"embeddable":true,"href":"https:\/\/www.europesays.com\/fr\/wp-json\/wp\/v2\/users\/2"}],"replies":[{"embeddable":true,"href":"https:\/\/www.europesays.com\/fr\/wp-json\/wp\/v2\/comments?post=319400"}],"version-history":[{"count":0,"href":"https:\/\/www.europesays.com\/fr\/wp-json\/wp\/v2\/posts\/319400\/revisions"}],"wp:featuredmedia":[{"embeddable":true,"href":"https:\/\/www.europesays.com\/fr\/wp-json\/wp\/v2\/media\/319401"}],"wp:attachment":[{"href":"https:\/\/www.europesays.com\/fr\/wp-json\/wp\/v2\/media?parent=319400"}],"wp:term":[{"taxonomy":"category","embeddable":true,"href":"https:\/\/www.europesays.com\/fr\/wp-json\/wp\/v2\/categories?post=319400"},{"taxonomy":"post_tag","embeddable":true,"href":"https:\/\/www.europesays.com\/fr\/wp-json\/wp\/v2\/tags?post=319400"}],"curies":[{"name":"wp","href":"https:\/\/api.w.org\/{rel}","templated":true}]}}