{"id":319411,"date":"2025-08-14T20:59:27","date_gmt":"2025-08-14T20:59:27","guid":{"rendered":"https:\/\/www.europesays.com\/fr\/319411\/"},"modified":"2025-08-14T20:59:27","modified_gmt":"2025-08-14T20:59:27","slug":"departs-et-retours-bien-rouges-a-lyon","status":"publish","type":"post","link":"https:\/\/www.europesays.com\/fr\/319411\/","title":{"rendered":"d\u00e9parts et retours bien rouges \u00e0 Lyon !"},"content":{"rendered":"<p itemprop=\"description\"><strong>Bison Fut\u00e9 n&rsquo;est pas tr\u00e8s optimiste pour l&rsquo;\u00e9tat de la circulation sur les grands axes du pays ce week-end.<\/strong><\/p>\n<p>A l&rsquo;occasion du week-end de l&rsquo;Assomption, il voit rouge dans plusieurs cas.<\/p>\n<p>Les d\u00e9parts sont \u00e0 privil\u00e9gier ce vendredi f\u00e9ri\u00e9, puisque le drapeau vert a \u00e9t\u00e9 hiss\u00e9 pour la France enti\u00e8re, tandis que les retours seront jaunes en Auvergne-Rh\u00f4ne-Alpes.<\/p>\n<p>Samedi sera la journ\u00e9e la plus difficile. Lyon et ses grands axes vers le sud et les Alpes seront rouges, \u00e0 la fois dans le sens des d\u00e9parts et celui des d\u00e9parts. D&rsquo;ailleurs, toute la France sera rouge dans le sens des retours.<\/p>\n<p>Dimanche, toujours du rouge pour Auvergne-Rh\u00f4ne-Alpes dans les deux sens.<\/p>\n<p>Enfin, les difficult\u00e9s sur les routes se poursuivront lundi. Les d\u00e9parts seront enfin verts dans la r\u00e9gion, mais resteront rouges pour les retours de vacanciers.<\/p>\n<blockquote class=\"twitter-tweet\"><p>&#13;<\/p>\n<p dir=\"ltr\" lang=\"fr\"><a href=\"https:\/\/twitter.com\/hashtag\/BisonFut%C3%A9?src=hash&amp;ref_src=twsrc%5Etfw\" rel=\"nofollow noopener\" target=\"_blank\">#BisonFut\u00e9<\/a> | Ce week-end, la circulation sera particuli\u00e8rement difficile en Auvergne-Rh\u00f4ne-Alpes : <\/p>\n<p>\ud83d\udfe0A7, Lyon  Marseille<br \/>\ud83d\udfe0 A7, Orange  Lyon<br \/>\ud83d\udd34 A71, Orl\u00e9ans  Clermont-Ferrand<br \/>\ud83d\udd34 A71, Clermont-Ferrand  Vierzon<br \/>\ud83d\udd34 A75, B\u00e9ziers  Clermont-Ferrand<br \/>\ud83d\udd34 Acc\u00e8s au tunnel du\u2026 <a href=\"https:\/\/t.co\/NnXETffuJN\" rel=\"nofollow\">pic.twitter.com\/NnXETffuJN<\/a><\/p>\n<p>&#13;<br \/>\n\u2014 Pr\u00e9f\u00e8te de r\u00e9gion Auvergne-Rh\u00f4ne-Alpes et du Rh\u00f4ne (@prefetrhone) <a href=\"https:\/\/twitter.com\/prefetrhone\/status\/1955620623780360443?ref_src=twsrc%5Etfw\" rel=\"nofollow noopener\" target=\"_blank\">August 13, 2025<\/a><\/p><\/blockquote>\n<p>\t\t  <script async src=\"https:\/\/platform.twitter.com\/widgets.js\" charset=\"utf-8\"><\/script><\/p>\n","protected":false},"excerpt":{"rendered":"Bison Fut\u00e9 n&rsquo;est pas tr\u00e8s optimiste pour l&rsquo;\u00e9tat de la circulation sur les grands axes du pays ce&hellip;\n","protected":false},"author":2,"featured_media":319412,"comment_status":"","ping_status":"","sticky":false,"template":"","format":"standard","meta":{"footnotes":""},"categories":[1889],"tags":[1111,11,2813,2190,2430,1109,251,1112,2811,1777,674,118,1011,27,1922,1110,1114,2428,2810,12,241,316,25,2812,517,800],"class_list":{"0":"post-319411","1":"post","2":"type-post","3":"status-publish","4":"format-standard","5":"has-post-thumbnail","7":"category-lyon","8":"tag-actu","9":"tag-actualites","10":"tag-article","11":"tag-asvel","12":"tag-auvergne-rhone-alpes","13":"tag-breves","14":"tag-culture","15":"tag-depeches","16":"tag-economique","17":"tag-eu","18":"tag-europe","19":"tag-faits-divers","20":"tag-fr","21":"tag-france","22":"tag-info","23":"tag-informations","24":"tag-infos","25":"tag-lyon","26":"tag-lyonmag","27":"tag-news","28":"tag-ol","29":"tag-politique","30":"tag-republique-francaise","31":"tag-sociale","32":"tag-sport","33":"tag-transports"},"share_on_mastodon":{"url":"https:\/\/pubeurope.com\/@fr\/115029132152683898","error":""},"_links":{"self":[{"href":"https:\/\/www.europesays.com\/fr\/wp-json\/wp\/v2\/posts\/319411","targetHints":{"allow":["GET"]}}],"collection":[{"href":"https:\/\/www.europesays.com\/fr\/wp-json\/wp\/v2\/posts"}],"about":[{"href":"https:\/\/www.europesays.com\/fr\/wp-json\/wp\/v2\/types\/post"}],"author":[{"embeddable":true,"href":"https:\/\/www.europesays.com\/fr\/wp-json\/wp\/v2\/users\/2"}],"replies":[{"embeddable":true,"href":"https:\/\/www.europesays.com\/fr\/wp-json\/wp\/v2\/comments?post=319411"}],"version-history":[{"count":0,"href":"https:\/\/www.europesays.com\/fr\/wp-json\/wp\/v2\/posts\/319411\/revisions"}],"wp:featuredmedia":[{"embeddable":true,"href":"https:\/\/www.europesays.com\/fr\/wp-json\/wp\/v2\/media\/319412"}],"wp:attachment":[{"href":"https:\/\/www.europesays.com\/fr\/wp-json\/wp\/v2\/media?parent=319411"}],"wp:term":[{"taxonomy":"category","embeddable":true,"href":"https:\/\/www.europesays.com\/fr\/wp-json\/wp\/v2\/categories?post=319411"},{"taxonomy":"post_tag","embeddable":true,"href":"https:\/\/www.europesays.com\/fr\/wp-json\/wp\/v2\/tags?post=319411"}],"curies":[{"name":"wp","href":"https:\/\/api.w.org\/{rel}","templated":true}]}}