{"id":319413,"date":"2025-08-14T21:00:16","date_gmt":"2025-08-14T21:00:16","guid":{"rendered":"https:\/\/www.europesays.com\/fr\/319413\/"},"modified":"2025-08-14T21:00:16","modified_gmt":"2025-08-14T21:00:16","slug":"les-catholiques-ont-suivi-la-lumiere-de-fourviere","status":"publish","type":"post","link":"https:\/\/www.europesays.com\/fr\/319413\/","title":{"rendered":"les catholiques ont suivi la lumi\u00e8re de Fourvi\u00e8re"},"content":{"rendered":"<p>Flambeau \u00e0 la main, quelques centaines de fid\u00e8les ont sillonn\u00e9 le Jardin du Rosaire en direction de la basilique Notre-Dame de Fourvi\u00e8re, ce jeudi 14 ao\u00fbt au soir, veille de l&rsquo;Assomption. Pour les catholiques, cette grande f\u00eate mariale est signe d\u2019esp\u00e9rance et de confiance. Elle comm\u00e9more le terme de la vie terrestre de la Vierge Marie, m\u00e8re de Dieu. C\u2019est-\u00e0-dire sa mont\u00e9e au ciel.<\/p>\n<p>\u00a0Pri\u00e8res et chants<\/p>\n<p>Au d\u00e9part de la Maison de Lorette (5e), \u00e0 20 heures, la procession aux flambeaux, pr\u00e9sid\u00e9e cette ann\u00e9e par Monseigneur Le Gal, fut ponctu\u00e9e de plusieurs chants et moments de pri\u00e8res. La marche s&rsquo;est achev\u00e9e sur le parvis de la basilique par un traditionnel \u00ab Je vous salue Marie \u00bb.\u00a0<\/p>\n<p>Un moment d&rsquo;\u00e9motion pour Adel, un habitu\u00e9 d&rsquo;origine \u00e9gyptienne. \u00ab Je viens chaque ann\u00e9e depuis 10 ans pour suivre la procession \u00e0 Lyon. Aujourd&rsquo;hui, il fait tr\u00e8s chaud, je transpire. Mais je suis quand m\u00eame l\u00e0. C&rsquo;est un moment important, parce que Fourvi\u00e8re est un sanctuaire marial. Je ressens beaucoup de joie. On vient ici pour prier, mais aussi pour faire des rencontres. C&rsquo;est un instant de partage entre fid\u00e8les d&rsquo;horizons diff\u00e9rents. \u00bb<\/p>\n<p>La soir\u00e9e s&rsquo;est achev\u00e9e par une veill\u00e9e de pri\u00e8res entre les murs de la basilique de Fourvi\u00e8re. Ce vendredi 15 ao\u00fbt, l&rsquo;\u00e9difice religieux accueillera les fid\u00e8les tout au long de la journ\u00e9e, autour de quatre messes solennelles : \u00e0 7 h 30, 9 h 30, 11 heures et 17 h 30. Il est conseill\u00e9 d\u2019anticiper sa venue pour assurer une place assise.<\/p>\n","protected":false},"excerpt":{"rendered":"Flambeau \u00e0 la main, quelques centaines de fid\u00e8les ont sillonn\u00e9 le Jardin du Rosaire en direction de la&hellip;\n","protected":false},"author":2,"featured_media":319414,"comment_status":"","ping_status":"","sticky":false,"template":"","format":"standard","meta":{"footnotes":""},"categories":[1889],"tags":[1111,11,2430,2757,1777,674,3326,107,1011,27,2428,15657,12,5889,25,2429,3151],"class_list":{"0":"post-319413","1":"post","2":"type-post","3":"status-publish","4":"format-standard","5":"has-post-thumbnail","7":"category-lyon","8":"tag-actu","9":"tag-actualites","10":"tag-auvergne-rhone-alpes","11":"tag-edition-lyon-villeurbanne","12":"tag-eu","13":"tag-europe","14":"tag-fete-locale","15":"tag-fil-info","16":"tag-fr","17":"tag-france","18":"tag-lyon","19":"tag-lyon-5e-arrondissement","20":"tag-news","21":"tag-religion-croyance","22":"tag-republique-francaise","23":"tag-rhone","24":"tag-selection-de-la-redaction-69"},"share_on_mastodon":{"url":"https:\/\/pubeurope.com\/@fr\/115029136010057122","error":""},"_links":{"self":[{"href":"https:\/\/www.europesays.com\/fr\/wp-json\/wp\/v2\/posts\/319413","targetHints":{"allow":["GET"]}}],"collection":[{"href":"https:\/\/www.europesays.com\/fr\/wp-json\/wp\/v2\/posts"}],"about":[{"href":"https:\/\/www.europesays.com\/fr\/wp-json\/wp\/v2\/types\/post"}],"author":[{"embeddable":true,"href":"https:\/\/www.europesays.com\/fr\/wp-json\/wp\/v2\/users\/2"}],"replies":[{"embeddable":true,"href":"https:\/\/www.europesays.com\/fr\/wp-json\/wp\/v2\/comments?post=319413"}],"version-history":[{"count":0,"href":"https:\/\/www.europesays.com\/fr\/wp-json\/wp\/v2\/posts\/319413\/revisions"}],"wp:featuredmedia":[{"embeddable":true,"href":"https:\/\/www.europesays.com\/fr\/wp-json\/wp\/v2\/media\/319414"}],"wp:attachment":[{"href":"https:\/\/www.europesays.com\/fr\/wp-json\/wp\/v2\/media?parent=319413"}],"wp:term":[{"taxonomy":"category","embeddable":true,"href":"https:\/\/www.europesays.com\/fr\/wp-json\/wp\/v2\/categories?post=319413"},{"taxonomy":"post_tag","embeddable":true,"href":"https:\/\/www.europesays.com\/fr\/wp-json\/wp\/v2\/tags?post=319413"}],"curies":[{"name":"wp","href":"https:\/\/api.w.org\/{rel}","templated":true}]}}